{"id":3308,"date":"2012-06-11T13:12:58","date_gmt":"2012-06-11T11:12:58","guid":{"rendered":"http:\/\/www.tucomarca.com\/wordpress\/segunda\/?p=3308"},"modified":"2012-06-11T13:27:18","modified_gmt":"2012-06-11T11:27:18","slug":"cheste-celebra-su-v-gala-del-deporte-con-reconocidos-deportistas-de-elite-y-mas-de-600-ninos-de-las-edm","status":"publish","type":"post","link":"https:\/\/www.tucomarca.com\/wordpress\/segunda\/cheste-celebra-su-v-gala-del-deporte-con-reconocidos-deportistas-de-elite-y-mas-de-600-ninos-de-las-edm\/","title":{"rendered":"Cheste celebra su quinta gala del deporte con reconocidos deportistas de \u00e9lite y m\u00e1s de 600 ni\u00f1os de las EDM"},"content":{"rendered":"<p>Sergio Ventosa, Entrenador del CF Valencia Mestalla; Salva Ruiz, Jugador del Valencia Mestalla; Estefan\u00eda Almela (taekwondista); Cecilio Maestra (Atleta) o Ricardo Ten (nadador paral\u00edmpico), acompa\u00f1aron al Alcalde de Cheste, David Dom\u00e9nech, y al Concejal de Deportes, Francisco Fortea, durante el desarrollo de la V Gala del Deporte acontecida el pasado fin de semana en la localidad.<br \/>\nCon este acto, el Ayuntamiento de Cheste ha querido reconocer el esfuerzo y el progreso de los deportistas de la poblaci\u00f3n en sus distintas disciplinas as\u00ed como de los clubs y de todas las entidades p\u00fablicas y privadas que han participado. En ella participaron m\u00e1s de 600 alumnos que forman parte de las Escuelas Deportivas Municipales de Cheste. Todos ellos asistieron a este gran evento y fueron llamados al escenario donde deportistas de \u00e9lite y autoridades les ofrecieron el merecido agasajo.<br \/>\nEl Ayuntamiento de Cheste cuenta a d\u00eda de hoy con m\u00e1s de 21 escuelas en las que se pueden practicar m\u00e1s de 15 disciplinas, entre ellas Pelota Valenciana, Cuerdas, Atletismo, F\u00fatbol o Psicomotricidad.<\/p>\n","protected":false},"excerpt":{"rendered":"<div class=\"mh-excerpt\">Sergio Ventosa, Entrenador del CF Valencia Mestalla; Salva Ruiz, Jugador del Valencia Mestalla; Estefan\u00eda Almela (taekwondista); Cecilio Maestra (Atleta) o Ricardo Ten (nadador paral\u00edmpico), acompa\u00f1aron al Alcalde de Cheste, David Dom\u00e9nech, y al Concejal de <a class=\"mh-excerpt-more\" href=\"https:\/\/www.tucomarca.com\/wordpress\/segunda\/cheste-celebra-su-v-gala-del-deporte-con-reconocidos-deportistas-de-elite-y-mas-de-600-ninos-de-las-edm\/\" title=\"Cheste celebra su quinta gala del deporte con reconocidos deportistas de \u00e9lite y m\u00e1s de 600 ni\u00f1os de las EDM\">[+] <\/a><\/div>\n","protected":false},"author":2,"featured_media":3314,"comment_status":"open","ping_status":"open","sticky":false,"template":"","format":"standard","meta":{"footnotes":""},"categories":[17,6,10,199,3,45],"tags":[],"class_list":{"0":"post-3308","1":"post","2":"type-post","3":"status-publish","4":"format-standard","5":"has-post-thumbnail","7":"category-cheste","8":"category-deportes","9":"category-la-hoya","10":"category-polideportivo","11":"category-seccion","12":"category-ventana"},"_links":{"self":[{"href":"https:\/\/www.tucomarca.com\/wordpress\/segunda\/wp-json\/wp\/v2\/posts\/3308","targetHints":{"allow":["GET"]}}],"collection":[{"href":"https:\/\/www.tucomarca.com\/wordpress\/segunda\/wp-json\/wp\/v2\/posts"}],"about":[{"href":"https:\/\/www.tucomarca.com\/wordpress\/segunda\/wp-json\/wp\/v2\/types\/post"}],"author":[{"embeddable":true,"href":"https:\/\/www.tucomarca.com\/wordpress\/segunda\/wp-json\/wp\/v2\/users\/2"}],"replies":[{"embeddable":true,"href":"https:\/\/www.tucomarca.com\/wordpress\/segunda\/wp-json\/wp\/v2\/comments?post=3308"}],"version-history":[{"count":0,"href":"https:\/\/www.tucomarca.com\/wordpress\/segunda\/wp-json\/wp\/v2\/posts\/3308\/revisions"}],"wp:featuredmedia":[{"embeddable":true,"href":"https:\/\/www.tucomarca.com\/wordpress\/segunda\/wp-json\/wp\/v2\/media\/3314"}],"wp:attachment":[{"href":"https:\/\/www.tucomarca.com\/wordpress\/segunda\/wp-json\/wp\/v2\/media?parent=3308"}],"wp:term":[{"taxonomy":"category","embeddable":true,"href":"https:\/\/www.tucomarca.com\/wordpress\/segunda\/wp-json\/wp\/v2\/categories?post=3308"},{"taxonomy":"post_tag","embeddable":true,"href":"https:\/\/www.tucomarca.com\/wordpress\/segunda\/wp-json\/wp\/v2\/tags?post=3308"}],"curies":[{"name":"wp","href":"https:\/\/api.w.org\/{rel}","templated":true}]}}