{"id":33205,"date":"2015-01-09T11:51:16","date_gmt":"2015-01-09T08:51:16","guid":{"rendered":"http:\/\/www.tucomarca.com\/wordpress\/segunda\/?p=33205"},"modified":"2015-01-09T11:51:16","modified_gmt":"2015-01-09T08:51:16","slug":"podemos-se-cita-con-las-asociaciones-de-jubilados-de-requena","status":"publish","type":"post","link":"https:\/\/www.tucomarca.com\/wordpress\/segunda\/podemos-se-cita-con-las-asociaciones-de-jubilados-de-requena\/","title":{"rendered":"Podemos se cita con las asociaciones de jubilados de Requena"},"content":{"rendered":"<p>El pr\u00f3ximo lunes 12 de enero habr\u00e1 un encuentro de los jubilados de Requena con miembros de Podemos, para hablar de sus problemas e inquietudes. Con el t\u00edtulo \u201c\u00bfQu\u00e9 tienen que decir nuestros mayores?\u201d, Podemos Requena ha convocado a las asociaciones de jubilados de nuestro municipio, y a todos los mayores en general, para darles la oportunidad de hablar de sus necesidades y escuchar sus peticiones y sugerencias, tanto para mejorar la situaci\u00f3n de este colectivo, como tambi\u00e9n para saber su punto de vista sobre la localidad.<br \/>\nPodemos considera que nuestros mayores son una parte importante de la sociedad, y que merecen ser escuchados, ya que han ofrecido toda una vida de esfuerzo y trabajo para sacar adelante a sus familias y mejorar las condiciones de vida de nuestro pa\u00eds. Ahora podemos agradecerles lo que han hecho por nosotros, teni\u00e9ndolos en cuenta y mejorando su bienestar.<br \/>\nAunque ya no est\u00e9n desarrollando una actividad laboral o productiva, las personas mayores tienen a\u00fan algo muy importante que ofrecernos: su experiencia. Por eso Podemos quiere escuchar lo que tienen que decir nuestros mayores, para tomar nota de sus peticiones y ponerse a su disposici\u00f3n para ayudarles todo lo que sea posible a mejorar su calidad de vida.<br \/>\nInvitamos a todos los mayores de Requena a participar en el encuentro que se celebrar\u00e1 el pr\u00f3ximo lunes 12 de enero a las 19:30h en el Centro Social de Requena, calle Villajoyosa 6.<\/p>\n","protected":false},"excerpt":{"rendered":"<div class=\"mh-excerpt\">El pr\u00f3ximo lunes 12 de enero habr\u00e1 un encuentro de los jubilados de Requena con miembros de Podemos, para hablar de sus problemas e inquietudes. Con el t\u00edtulo \u201c\u00bfQu\u00e9 tienen que decir nuestros mayores?\u201d, Podemos <a class=\"mh-excerpt-more\" href=\"https:\/\/www.tucomarca.com\/wordpress\/segunda\/podemos-se-cita-con-las-asociaciones-de-jubilados-de-requena\/\" title=\"Podemos se cita con las asociaciones de jubilados de Requena\">[+] <\/a><\/div>\n","protected":false},"author":2,"featured_media":0,"comment_status":"open","ping_status":"open","sticky":false,"template":"","format":"standard","meta":{"footnotes":""},"categories":[8,142,28,27,3],"tags":[1071,6700,1510,5018,10388],"class_list":{"0":"post-33205","1":"post","2":"type-post","3":"status-publish","4":"format-standard","6":"category-la-comarca","7":"category-politica-la-comarca","8":"category-requena","9":"category-requena-utiel","10":"category-seccion","11":"tag-asociaciones","12":"tag-cita","13":"tag-jubilados","14":"tag-podemos","15":"tag-requena"},"_links":{"self":[{"href":"https:\/\/www.tucomarca.com\/wordpress\/segunda\/wp-json\/wp\/v2\/posts\/33205","targetHints":{"allow":["GET"]}}],"collection":[{"href":"https:\/\/www.tucomarca.com\/wordpress\/segunda\/wp-json\/wp\/v2\/posts"}],"about":[{"href":"https:\/\/www.tucomarca.com\/wordpress\/segunda\/wp-json\/wp\/v2\/types\/post"}],"author":[{"embeddable":true,"href":"https:\/\/www.tucomarca.com\/wordpress\/segunda\/wp-json\/wp\/v2\/users\/2"}],"replies":[{"embeddable":true,"href":"https:\/\/www.tucomarca.com\/wordpress\/segunda\/wp-json\/wp\/v2\/comments?post=33205"}],"version-history":[{"count":0,"href":"https:\/\/www.tucomarca.com\/wordpress\/segunda\/wp-json\/wp\/v2\/posts\/33205\/revisions"}],"wp:attachment":[{"href":"https:\/\/www.tucomarca.com\/wordpress\/segunda\/wp-json\/wp\/v2\/media?parent=33205"}],"wp:term":[{"taxonomy":"category","embeddable":true,"href":"https:\/\/www.tucomarca.com\/wordpress\/segunda\/wp-json\/wp\/v2\/categories?post=33205"},{"taxonomy":"post_tag","embeddable":true,"href":"https:\/\/www.tucomarca.com\/wordpress\/segunda\/wp-json\/wp\/v2\/tags?post=33205"}],"curies":[{"name":"wp","href":"https:\/\/api.w.org\/{rel}","templated":true}]}}