{"id":33287,"date":"2015-01-13T20:41:32","date_gmt":"2015-01-13T17:41:32","guid":{"rendered":"http:\/\/www.tucomarca.com\/wordpress\/segunda\/?p=33287"},"modified":"2015-01-13T20:42:26","modified_gmt":"2015-01-13T17:42:26","slug":"podemos-requena-se-acerca-a-los-vecinos-de-san-antonio","status":"publish","type":"post","link":"https:\/\/www.tucomarca.com\/wordpress\/segunda\/podemos-requena-se-acerca-a-los-vecinos-de-san-antonio\/","title":{"rendered":"Podemos Requena se acerca a los vecinos de San Antonio para recoger sus sugerencias"},"content":{"rendered":"<p>\u201cMejorar San Antonio\u201d es el tema del encuentro ciudadano que ha promovido Podemos Requena, convocando a todos los vecinos y vecinas de San Antonio el pr\u00f3ximo mi\u00e9rcoles 14 de enero, para escuchar sus inquietudes y problemas.<br \/>\nEn el sal\u00f3n de actos de la Cooperativa de San Antonio, a las 19:30h, tienen una cita importante el pr\u00f3ximo mi\u00e9rcoles los habitantes de este n\u00facleo de poblaci\u00f3n, para hacer o\u00edr sus voces y hablar libremente de las cosas que les importan. Es esta una excelente oportunidad para compartir y comentar sus necesidades, y entre todos hacer sugerencias para mejorar la calidad de vida en San Antonio.<br \/>\nPodemos se acerca a San Antonio para escuchar a sus vecinos y vecinas, y ofrecerles todo su apoyo para mejorar la situaci\u00f3n de esta poblaci\u00f3n. Conociendo de primera mano el sentir de las personas, escuchando las cosas que les preocupan, Podemos quiere tomar nota de las necesidades de la gente para ayudar en lo posible a mejorar nuestra sociedad, invitando a todos los ciudadanos que lo deseen a colaborar, en la medida de lo posible, en el cambio que nuestro municipio y nuestro pa\u00eds necesita.<br \/>\nEsperamos a los vecin@s de San Antonio el pr\u00f3ximo mi\u00e9rcoles 17 de enero a las 19:30h en el Sal\u00f3n de Actos de la Cooperativa, calle Mayor 20, para entre todos \u201cMejorar San Antonio\u201d.<\/p>\n","protected":false},"excerpt":{"rendered":"<div class=\"mh-excerpt\">\u201cMejorar San Antonio\u201d es el tema del encuentro ciudadano que ha promovido Podemos Requena, convocando a todos los vecinos y vecinas de San Antonio el pr\u00f3ximo mi\u00e9rcoles 14 de enero, para escuchar sus inquietudes y <a class=\"mh-excerpt-more\" href=\"https:\/\/www.tucomarca.com\/wordpress\/segunda\/podemos-requena-se-acerca-a-los-vecinos-de-san-antonio\/\" title=\"Podemos Requena se acerca a los vecinos de San Antonio para recoger sus sugerencias\">[+] <\/a><\/div>\n","protected":false},"author":2,"featured_media":0,"comment_status":"open","ping_status":"open","sticky":false,"template":"","format":"standard","meta":{"footnotes":""},"categories":[8,142,28,27,140,3],"tags":[1831,6737,6739,6738,10417,2530],"class_list":{"0":"post-33287","1":"post","2":"type-post","3":"status-publish","4":"format-standard","6":"category-la-comarca","7":"category-politica-la-comarca","8":"category-requena","9":"category-requena-utiel","10":"category-san-antonio","11":"category-seccion","12":"tag-1-300-vecinos","13":"tag-podemos-requena","14":"tag-recoger","15":"tag-reunion-ciudadana","16":"tag-san-antonio","17":"tag-vecinos"},"_links":{"self":[{"href":"https:\/\/www.tucomarca.com\/wordpress\/segunda\/wp-json\/wp\/v2\/posts\/33287","targetHints":{"allow":["GET"]}}],"collection":[{"href":"https:\/\/www.tucomarca.com\/wordpress\/segunda\/wp-json\/wp\/v2\/posts"}],"about":[{"href":"https:\/\/www.tucomarca.com\/wordpress\/segunda\/wp-json\/wp\/v2\/types\/post"}],"author":[{"embeddable":true,"href":"https:\/\/www.tucomarca.com\/wordpress\/segunda\/wp-json\/wp\/v2\/users\/2"}],"replies":[{"embeddable":true,"href":"https:\/\/www.tucomarca.com\/wordpress\/segunda\/wp-json\/wp\/v2\/comments?post=33287"}],"version-history":[{"count":0,"href":"https:\/\/www.tucomarca.com\/wordpress\/segunda\/wp-json\/wp\/v2\/posts\/33287\/revisions"}],"wp:attachment":[{"href":"https:\/\/www.tucomarca.com\/wordpress\/segunda\/wp-json\/wp\/v2\/media?parent=33287"}],"wp:term":[{"taxonomy":"category","embeddable":true,"href":"https:\/\/www.tucomarca.com\/wordpress\/segunda\/wp-json\/wp\/v2\/categories?post=33287"},{"taxonomy":"post_tag","embeddable":true,"href":"https:\/\/www.tucomarca.com\/wordpress\/segunda\/wp-json\/wp\/v2\/tags?post=33287"}],"curies":[{"name":"wp","href":"https:\/\/api.w.org\/{rel}","templated":true}]}}