{"id":3334,"date":"2012-06-11T18:30:55","date_gmt":"2012-06-11T16:30:55","guid":{"rendered":"http:\/\/www.tucomarca.com\/wordpress\/segunda\/?p=3334"},"modified":"2012-06-11T18:30:55","modified_gmt":"2012-06-11T16:30:55","slug":"corte-en-la-carretera-cv-374-entre-loriguilla-y-riba-roja-de-turia-para-mejorar-las-condiciones-de-seguridad-y-comodidad","status":"publish","type":"post","link":"https:\/\/www.tucomarca.com\/wordpress\/segunda\/corte-en-la-carretera-cv-374-entre-loriguilla-y-riba-roja-de-turia-para-mejorar-las-condiciones-de-seguridad-y-comodidad\/","title":{"rendered":"Corte en la carretera CV-374 entre Loriguilla y Riba-roja de T\u00faria para mejorar las condiciones de seguridad y comodidad"},"content":{"rendered":"<figure id=\"attachment_3335\" aria-describedby=\"caption-attachment-3335\" style=\"width: 300px\" class=\"wp-caption alignleft\"><a href=\"https:\/\/www.tucomarca.com\/wordpress\/segunda\/wp-content\/uploads\/2012\/06\/corteribarroja.gif\"><img loading=\"lazy\" decoding=\"async\" class=\"size-medium wp-image-3335\" title=\"corteribarroja\" src=\"https:\/\/www.tucomarca.com\/wordpress\/segunda\/wp-content\/uploads\/2012\/06\/corteribarroja-300x236.gif\" alt=\"Croquis del corte que se va producir en la carretera.\" width=\"300\" height=\"236\" srcset=\"https:\/\/www.tucomarca.com\/wordpress\/segunda\/wp-content\/uploads\/2012\/06\/corteribarroja-300x236.gif 300w, https:\/\/www.tucomarca.com\/wordpress\/segunda\/wp-content\/uploads\/2012\/06\/corteribarroja.gif 499w\" sizes=\"auto, (max-width: 300px) 100vw, 300px\" \/><\/a><figcaption id=\"caption-attachment-3335\" class=\"wp-caption-text\">Croquis del corte que se va producir en la carretera.<\/figcaption><\/figure>\n<p>El \u00e1rea de Carreteras de la Diputaci\u00f3n de Valencia cortar\u00e1 al tr\u00e1fico la carretera CV-374 tramo desde Loriguilla a Riba-roja de T\u00faria, en el tramo comprendido entre el pk. 1+300 (Loriguilla) y el pk. 7+000 (Riba-roja de T\u00faria), por lo que es necesario el corte de la carretera desde el 19 de junio al 19 de octubre, como consecuencia del acondicionamiento de la misma.<\/p>\n<p>El departamento de la Diputaci\u00f3n propone como itinerario alternativo el que parte desde la rotonda situada en la intersecci\u00f3n con la CV-374 con la CV-370, junto a Riba-roja del T\u00faria. A partir de dicha glorieta se contin\u00faa por la CV-370 hasta llegar a la A-7 (By-pass), donde se conecta con \u00e9ste, direcci\u00f3n Alicante, hasta la salida 508 que intersecta con la A-3 en direcci\u00f3n a Madrid, hasta tomar la salida 339, que conecta de nuevo con la CV-374, hasta llegar a Loriguilla..<\/p>\n<p><strong>Objeto de las obras <\/strong><\/p>\n<p>Las obras tienen por objeto el acondicionamiento del trazado y del firme de la carretera CV-374 entre Loriguilla y Riba-roja de T\u00faria, con lo que se mejoran notablemente las condiciones de seguridad y comodidad y se reducen los tiempos de recorrido.<\/p>\n<p><strong>Construcci\u00f3n de una glorieta <\/strong><\/p>\n<p>El proyecto contempla la construcci\u00f3n de una glorieta, situada a 700 m de Riba-roja de T\u00faria, en el entorno del cementerio y al inicio del pol\u00edgono. La actuaci\u00f3n tiene una longitud total de 5.700 m, con una secci\u00f3n de la carretera que consta de dos carriles de 3,50 m cada uno, arcenes variables en el tronco entre de 2,50 y 1,00 m, y bermas de 0,50 m. Est\u00e1 previsto dotar a la nueva carretera de todos los elementos de se\u00f1alizaci\u00f3n y balizamiento necesarios, as\u00ed como las plantaciones de diferentes especies para el embellecimiento de la misma.<\/p>\n","protected":false},"excerpt":{"rendered":"<div class=\"mh-excerpt\">El \u00e1rea de Carreteras de la Diputaci\u00f3n de Valencia cortar\u00e1 al tr\u00e1fico la carretera CV-374 tramo desde Loriguilla a Riba-roja de T\u00faria, en el tramo comprendido entre el pk. 1+300 (Loriguilla) y el pk. 7+000 <a class=\"mh-excerpt-more\" href=\"https:\/\/www.tucomarca.com\/wordpress\/segunda\/corte-en-la-carretera-cv-374-entre-loriguilla-y-riba-roja-de-turia-para-mejorar-las-condiciones-de-seguridad-y-comodidad\/\" title=\"Corte en la carretera CV-374 entre Loriguilla y Riba-roja de T\u00faria para mejorar las condiciones de seguridad y comodidad\">[+] <\/a><\/div>\n","protected":false},"author":1,"featured_media":3335,"comment_status":"open","ping_status":"open","sticky":false,"template":"","format":"standard","meta":{"footnotes":""},"categories":[46,128,8,178,182,3],"tags":[],"class_list":{"0":"post-3334","1":"post","2":"type-post","3":"status-publish","4":"format-standard","5":"has-post-thumbnail","7":"category-camp-de-turia","8":"category-infraestructuras","9":"category-la-comarca","10":"category-loriguilla","11":"category-riba-roja","12":"category-seccion"},"_links":{"self":[{"href":"https:\/\/www.tucomarca.com\/wordpress\/segunda\/wp-json\/wp\/v2\/posts\/3334","targetHints":{"allow":["GET"]}}],"collection":[{"href":"https:\/\/www.tucomarca.com\/wordpress\/segunda\/wp-json\/wp\/v2\/posts"}],"about":[{"href":"https:\/\/www.tucomarca.com\/wordpress\/segunda\/wp-json\/wp\/v2\/types\/post"}],"author":[{"embeddable":true,"href":"https:\/\/www.tucomarca.com\/wordpress\/segunda\/wp-json\/wp\/v2\/users\/1"}],"replies":[{"embeddable":true,"href":"https:\/\/www.tucomarca.com\/wordpress\/segunda\/wp-json\/wp\/v2\/comments?post=3334"}],"version-history":[{"count":0,"href":"https:\/\/www.tucomarca.com\/wordpress\/segunda\/wp-json\/wp\/v2\/posts\/3334\/revisions"}],"wp:featuredmedia":[{"embeddable":true,"href":"https:\/\/www.tucomarca.com\/wordpress\/segunda\/wp-json\/wp\/v2\/media\/3335"}],"wp:attachment":[{"href":"https:\/\/www.tucomarca.com\/wordpress\/segunda\/wp-json\/wp\/v2\/media?parent=3334"}],"wp:term":[{"taxonomy":"category","embeddable":true,"href":"https:\/\/www.tucomarca.com\/wordpress\/segunda\/wp-json\/wp\/v2\/categories?post=3334"},{"taxonomy":"post_tag","embeddable":true,"href":"https:\/\/www.tucomarca.com\/wordpress\/segunda\/wp-json\/wp\/v2\/tags?post=3334"}],"curies":[{"name":"wp","href":"https:\/\/api.w.org\/{rel}","templated":true}]}}