{"id":33427,"date":"2015-01-19T15:12:48","date_gmt":"2015-01-19T12:12:48","guid":{"rendered":"http:\/\/www.tucomarca.com\/wordpress\/segunda\/?p=33427"},"modified":"2015-01-19T15:12:48","modified_gmt":"2015-01-19T12:12:48","slug":"el-pspv-critica-al-alcalde-de-loriguilla-por-no-convocar-el-pleno-ordinario-de-diciembre","status":"publish","type":"post","link":"https:\/\/www.tucomarca.com\/wordpress\/segunda\/el-pspv-critica-al-alcalde-de-loriguilla-por-no-convocar-el-pleno-ordinario-de-diciembre\/","title":{"rendered":"El PSPV critica al alcalde de Loriguilla por no convocar el pleno ordinario de diciembre"},"content":{"rendered":"<p>El PSPV de Loriguilla ha criticado al alcalde de la localidad, Jos\u00e9 Javier Cervera, del Partido Popular, por \u00abhaberse saltado a la torera\u00bb su obligaci\u00f3n de celebrar plenos ordinarios cada tres meses, la \u00faltima de ellas el pasado 30 de diciembre y que, finalmente, no se convoc\u00f3 a pesar de que as\u00ed lo marca la ley.  <\/p>\n<p>\tA la vista de los hechos, el PSPV de Loriguilla ha presentado un escrito por registro de entrada en el ayuntamiento donde exige al alcalde que pida un informe jur\u00eddico por parte del secretario municipal para que se pronuncie sobre la ausencia del pleno que, seg\u00fan establece la ley de administraciones locales, se deber\u00eda haber celebrado a finales de diciembre pasado. En concreto, el escrito del grupo socialista intenta averiguar, adem\u00e1s, en qui\u00e9n recae la responsabilidad jur\u00eddica sobre la falta de convocatoria de la citada sesi\u00f3n plenaria. <\/p>\n<p>\tEl PSPV ha reclamado al gobierno de Loriguilla que \u00abact\u00fae de acuerdo a la ley vigente prevista en lugar de gestionar a golpe de decreto como si el ayuntamiento fuese su propio cortijo ya que, en ning\u00fan caso, puede gobernar sin atender el ordenamiento jur\u00eddico y, por ello, queremos que se elabore el pertinente informe legal por parte de los t\u00e9cnicos para establecer las pertinentes responsabilidades\u00bb.<\/p>\n<p>\tEl pleno se que ten\u00eda que haber celebrado el pasado 30 de diciembre, el \u00faltimo martes cada tres meses, pero hasta el momento el alcalde no lo ha convocado sin ofrecer ning\u00fan tipo de explicaciones o argumentos convincentes. En esta sesiones, los partidos de la oposici\u00f3n pueden interpelar al gobierno del Partido Popular sobre las cuestiones de inter\u00e9s municipal que estimen oportunas. <\/p>\n","protected":false},"excerpt":{"rendered":"<div class=\"mh-excerpt\">El PSPV de Loriguilla ha criticado al alcalde de la localidad, Jos\u00e9 Javier Cervera, del Partido Popular, por \u00abhaberse saltado a la torera\u00bb su obligaci\u00f3n de celebrar plenos ordinarios cada tres meses, la \u00faltima de <a class=\"mh-excerpt-more\" href=\"https:\/\/www.tucomarca.com\/wordpress\/segunda\/el-pspv-critica-al-alcalde-de-loriguilla-por-no-convocar-el-pleno-ordinario-de-diciembre\/\" title=\"El PSPV critica al alcalde de Loriguilla por no convocar el pleno ordinario de diciembre\">[+] <\/a><\/div>\n","protected":false},"author":2,"featured_media":0,"comment_status":"open","ping_status":"open","sticky":false,"template":"","format":"standard","meta":{"footnotes":""},"categories":[46,8,178,142,3],"tags":[968,2487,10434,584,1208],"class_list":{"0":"post-33427","1":"post","2":"type-post","3":"status-publish","4":"format-standard","6":"category-camp-de-turia","7":"category-la-comarca","8":"category-loriguilla","9":"category-politica-la-comarca","10":"category-seccion","11":"tag-alcalde","12":"tag-diciembre","13":"tag-loriguilla","14":"tag-pleno","15":"tag-pspv"},"_links":{"self":[{"href":"https:\/\/www.tucomarca.com\/wordpress\/segunda\/wp-json\/wp\/v2\/posts\/33427","targetHints":{"allow":["GET"]}}],"collection":[{"href":"https:\/\/www.tucomarca.com\/wordpress\/segunda\/wp-json\/wp\/v2\/posts"}],"about":[{"href":"https:\/\/www.tucomarca.com\/wordpress\/segunda\/wp-json\/wp\/v2\/types\/post"}],"author":[{"embeddable":true,"href":"https:\/\/www.tucomarca.com\/wordpress\/segunda\/wp-json\/wp\/v2\/users\/2"}],"replies":[{"embeddable":true,"href":"https:\/\/www.tucomarca.com\/wordpress\/segunda\/wp-json\/wp\/v2\/comments?post=33427"}],"version-history":[{"count":0,"href":"https:\/\/www.tucomarca.com\/wordpress\/segunda\/wp-json\/wp\/v2\/posts\/33427\/revisions"}],"wp:attachment":[{"href":"https:\/\/www.tucomarca.com\/wordpress\/segunda\/wp-json\/wp\/v2\/media?parent=33427"}],"wp:term":[{"taxonomy":"category","embeddable":true,"href":"https:\/\/www.tucomarca.com\/wordpress\/segunda\/wp-json\/wp\/v2\/categories?post=33427"},{"taxonomy":"post_tag","embeddable":true,"href":"https:\/\/www.tucomarca.com\/wordpress\/segunda\/wp-json\/wp\/v2\/tags?post=33427"}],"curies":[{"name":"wp","href":"https:\/\/api.w.org\/{rel}","templated":true}]}}