{"id":33431,"date":"2015-01-19T16:44:03","date_gmt":"2015-01-19T13:44:03","guid":{"rendered":"http:\/\/www.tucomarca.com\/wordpress\/segunda\/?p=33431"},"modified":"2015-01-20T16:12:22","modified_gmt":"2015-01-20T13:12:22","slug":"miles-de-chestanos-se-echan-a-la-calle-para-conmemorar-la-festividad-de-san-anton","status":"publish","type":"post","link":"https:\/\/www.tucomarca.com\/wordpress\/segunda\/miles-de-chestanos-se-echan-a-la-calle-para-conmemorar-la-festividad-de-san-anton\/","title":{"rendered":"Miles de chestanos se echan a la calle para conmemorar la festividad de San Ant\u00f3n"},"content":{"rendered":"<p><figure id=\"attachment_33432\" aria-describedby=\"caption-attachment-33432\" style=\"width: 300px\" class=\"wp-caption alignleft\"><a href=\"https:\/\/www.tucomarca.com\/wordpress\/segunda\/2015\/01\/miles-de-chestanos-se-echan-a-la-calle-para-conmemorar-la-festividad-de-san-anton\/benedicion-cheste\/\" rel=\"attachment wp-att-33432\"><img loading=\"lazy\" decoding=\"async\" src=\"https:\/\/www.tucomarca.com\/wordpress\/segunda\/wp-content\/uploads\/2015\/01\/Benedicion-cheste-300x198.jpg\" alt=\"\" title=\"Benedicion cheste\" width=\"300\" height=\"198\" class=\"size-medium wp-image-33432\" srcset=\"https:\/\/www.tucomarca.com\/wordpress\/segunda\/wp-content\/uploads\/2015\/01\/Benedicion-cheste-300x198.jpg 300w, https:\/\/www.tucomarca.com\/wordpress\/segunda\/wp-content\/uploads\/2015\/01\/Benedicion-cheste.jpg 800w\" sizes=\"auto, (max-width: 300px) 100vw, 300px\" \/><\/a><figcaption id=\"caption-attachment-33432\" class=\"wp-caption-text\">La bendici\u00f3n en Cheste cont\u00f3 con una elevada participaci\u00f3n. tc.c<\/figcaption><\/figure>Cheste ha celebrado este fin de semana la festividad de San Antonio Abad, conocido popularmente como San Antoni del Porquet, patr\u00f3n de los animales. Para loar esta onom\u00e1stica, el Ayuntamiento de Cheste, la Asociaci\u00f3n de San Antonio Abad, junto a la colaboraci\u00f3n de la Asociaci\u00f3n de Caballistas, prepararon un gran elenco de actividades abierto a la participaci\u00f3n de todo el pueblo, y centrado principalmente en la bendici\u00f3n de los animales y la tradicional hoguera.<\/p>\n<p>Cientos de ni\u00f1os y familias con sus mascotas se concentraron en la ma\u00f1ana del domingo en la plaza del Mercado ante las puertas de la Ermita a la Virgen de la Soledad Gloriosa, donde pudimos ver animales de compa\u00f1\u00eda e incluso ex\u00f3ticos y salvajes de todo tipo y color. Entre ellos; iguanas, tortugas, machos cabr\u00edos, vacas, mansos, peces, p\u00e1jaros y sobre todo, perros y gatos, de todas las razas y tama\u00f1os, que desfilaron a los pies del santo.<\/p>\n<p>Presidiendo el escenario la imagen del santo que portaron miembros de la Asociaci\u00f3n desde la Iglesia. Realiz\u00f3 la Bendici\u00f3n el p\u00e1rroco Francisco Caballer y se cont\u00f3 igualmente con la presencia del Alcalde de Cheste, David Dom\u00e9nech y de numerosos concejales, entre ellos Rosa M\u00aa Cervera colaborando directamente con la asociaci\u00f3n y en la organizaci\u00f3n del evento.<\/p>\n<p>El desfile equino y de enganches distingue la bendici\u00f3n chestana<\/p>\n<p>Pero si de algo destaca esta procesi\u00f3n festiva en Cheste es por el gran n\u00famero de equinos que desfilan ante la atenta mirada de los ciudadanos. Perfectamente adornados,  y guiados por jinetes y caballistas son el principal atractivo de esta festividad en la que deleitaron al p\u00fablico con peque\u00f1os espect\u00e1culos de doma cl\u00e1sica o vaquera; alzadas, passage, saludos, paso espa\u00f1ol, lateral&#8230;, tambi\u00e9n los carros, cabriolas y enganches de hasta 11 caballos que no dejaron indiferentes a nadie.<\/p>\n<p>Razas de gran prestigio como la hisp\u00e1nico \u00c1rabe o la Espa\u00f1ola, hispano Lusos y Portugueses de magn\u00edficas capas p\u00edas, casta\u00f1as, alazanes , tordos o ruanos fueron objeto de admiraci\u00f3n en esta poblaci\u00f3n. Provinentes todos ellos de pr\u00f3digas cuadras o de particulares de toda la comarca, muchas de ellas asentadas en nuestro t\u00e9rmino.<\/p>\n<p>Hoguera de San Antonio como manda la tradici\u00f3n<\/p>\n<p>Por sexta edici\u00f3n consecutiva, los chestanos han disfrutado de la popular hoguera de San Anton el s\u00e1bado por la noche. Este evento organizado por la Asociaci\u00f3n de caballistas y la de San Antonio pretende recuperar las tradiciones m\u00e1s arraigadas y populares valencianas.<\/p>\n<p>Acto previo al encendido de la hoguera los caballistas llevaron mediante tiro y arrastre con sus caballos el \u00e1rbol que ser\u00eda la base de esta hoguera y  ofrecieron diversos espect\u00e1culos de doma y de exhibici\u00f3n. Una vez encendida y con los equinos ya acostumbrados al jolgorio de los numerosos espectadores concentrados, comenzaron a pasear a lomos de sus caballos a todos los ni\u00f1os chestanos que se atrev\u00edan a dar una vuelta.<\/p>\n","protected":false},"excerpt":{"rendered":"<div class=\"mh-excerpt\">Cheste ha celebrado este fin de semana la festividad de San Antonio Abad, conocido popularmente como San Antoni del Porquet, patr\u00f3n de los animales. Para loar esta onom\u00e1stica, el Ayuntamiento de Cheste, la Asociaci\u00f3n de <a class=\"mh-excerpt-more\" href=\"https:\/\/www.tucomarca.com\/wordpress\/segunda\/miles-de-chestanos-se-echan-a-la-calle-para-conmemorar-la-festividad-de-san-anton\/\" title=\"Miles de chestanos se echan a la calle para conmemorar la festividad de San Ant\u00f3n\">[+] <\/a><\/div>\n","protected":false},"author":2,"featured_media":33432,"comment_status":"open","ping_status":"open","sticky":false,"template":"","format":"standard","meta":{"footnotes":""},"categories":[17,8,10,3,45],"tags":[339,6781,589,2530],"class_list":{"0":"post-33431","1":"post","2":"type-post","3":"status-publish","4":"format-standard","5":"has-post-thumbnail","7":"category-cheste","8":"category-la-comarca","9":"category-la-hoya","10":"category-seccion","11":"category-ventana","12":"tag-cheste-2","13":"tag-miles","14":"tag-san-anton","15":"tag-vecinos"},"_links":{"self":[{"href":"https:\/\/www.tucomarca.com\/wordpress\/segunda\/wp-json\/wp\/v2\/posts\/33431","targetHints":{"allow":["GET"]}}],"collection":[{"href":"https:\/\/www.tucomarca.com\/wordpress\/segunda\/wp-json\/wp\/v2\/posts"}],"about":[{"href":"https:\/\/www.tucomarca.com\/wordpress\/segunda\/wp-json\/wp\/v2\/types\/post"}],"author":[{"embeddable":true,"href":"https:\/\/www.tucomarca.com\/wordpress\/segunda\/wp-json\/wp\/v2\/users\/2"}],"replies":[{"embeddable":true,"href":"https:\/\/www.tucomarca.com\/wordpress\/segunda\/wp-json\/wp\/v2\/comments?post=33431"}],"version-history":[{"count":0,"href":"https:\/\/www.tucomarca.com\/wordpress\/segunda\/wp-json\/wp\/v2\/posts\/33431\/revisions"}],"wp:featuredmedia":[{"embeddable":true,"href":"https:\/\/www.tucomarca.com\/wordpress\/segunda\/wp-json\/wp\/v2\/media\/33432"}],"wp:attachment":[{"href":"https:\/\/www.tucomarca.com\/wordpress\/segunda\/wp-json\/wp\/v2\/media?parent=33431"}],"wp:term":[{"taxonomy":"category","embeddable":true,"href":"https:\/\/www.tucomarca.com\/wordpress\/segunda\/wp-json\/wp\/v2\/categories?post=33431"},{"taxonomy":"post_tag","embeddable":true,"href":"https:\/\/www.tucomarca.com\/wordpress\/segunda\/wp-json\/wp\/v2\/tags?post=33431"}],"curies":[{"name":"wp","href":"https:\/\/api.w.org\/{rel}","templated":true}]}}