{"id":33438,"date":"2015-01-19T16:51:16","date_gmt":"2015-01-19T13:51:16","guid":{"rendered":"http:\/\/www.tucomarca.com\/wordpress\/segunda\/?p=33438"},"modified":"2015-01-19T16:51:16","modified_gmt":"2015-01-19T13:51:16","slug":"mas-de-quinientos-atletas-se-han-inscrito-ya-en-la-decimo-quinta-edicion-del-duatlon-de-benifaio","status":"publish","type":"post","link":"https:\/\/www.tucomarca.com\/wordpress\/segunda\/mas-de-quinientos-atletas-se-han-inscrito-ya-en-la-decimo-quinta-edicion-del-duatlon-de-benifaio\/","title":{"rendered":"M\u00e1s de quinientos atletas se han inscrito ya en la d\u00e9cimo quinta edici\u00f3n del Duatl\u00f3n de Benifai\u00f3"},"content":{"rendered":"<p>El Club Triesport Roquette ha organizado un a\u00f1o m\u00e1s una de las pruebas deportivas en las que de forma habitual se inscriben un gran n\u00famero de atletas. De nuevo este a\u00f1o se prev\u00e9 una alta participaci\u00f3n.  Seg\u00fan informan desde el club ya se han inscrito m\u00e1s de 500 atletas, (m\u00e1s de 200 para la prueba de adultos y 350 en infantiles). Y la cifra puede aumentar, como se\u00f1ala el club, ya que hasta el mi\u00e9rcoles est\u00e1n abiertas las inscripciones en la web oficial de la Federaci\u00f3n de Triatl\u00f3n de la Comunidad Valenciana<\/p>\n<p>Cabe recordar que la prueba es puntuable para la liga auton\u00f3mica y adem\u00e1s suele coincidir que el de Benifai\u00f3 es uno de los primeros del a\u00f1o en la provincia.<\/p>\n<p>La prueba, que llega ya a su 15 edici\u00f3n,  tendr\u00e1 lugar el pr\u00f3ximo s\u00e1bado 24 de enero desde la zona Plaza Blasco Iba\u00f1ez \u2013 calle Arquitecto Artal.<\/p>\n<p>As\u00ed, los atletas m\u00e1s peque\u00f1os en las categor\u00edas de cadetes, infantil, alev\u00edn, benjam\u00edn y multideporte tendr\u00e1n su salida hacia las 9 de la ma\u00f1ana, estando prevista la finalizaci\u00f3n de estas categor\u00edas hacia las 12:00 h.<br \/>\nLos adultos iniciaran la prueba a partir de las 16:00 h esperando concluya a las 18,00 h. <\/p>\n","protected":false},"excerpt":{"rendered":"<div class=\"mh-excerpt\">El Club Triesport Roquette ha organizado un a\u00f1o m\u00e1s una de las pruebas deportivas en las que de forma habitual se inscriben un gran n\u00famero de atletas. De nuevo este a\u00f1o se prev\u00e9 una alta <a class=\"mh-excerpt-more\" href=\"https:\/\/www.tucomarca.com\/wordpress\/segunda\/mas-de-quinientos-atletas-se-han-inscrito-ya-en-la-decimo-quinta-edicion-del-duatlon-de-benifaio\/\" title=\"M\u00e1s de quinientos atletas se han inscrito ya en la d\u00e9cimo quinta edici\u00f3n del Duatl\u00f3n de Benifai\u00f3\">[+] <\/a><\/div>\n","protected":false},"author":2,"featured_media":0,"comment_status":"open","ping_status":"open","sticky":false,"template":"","format":"standard","meta":{"footnotes":""},"categories":[267,8,42,3],"tags":[6782,10460,489,2255],"class_list":{"0":"post-33438","1":"post","2":"type-post","3":"status-publish","4":"format-standard","6":"category-benifaio","7":"category-la-comarca","8":"category-la-ribera","9":"category-seccion","10":"tag-6782","11":"tag-benifaio","12":"tag-duatlon","13":"tag-inscritos"},"_links":{"self":[{"href":"https:\/\/www.tucomarca.com\/wordpress\/segunda\/wp-json\/wp\/v2\/posts\/33438","targetHints":{"allow":["GET"]}}],"collection":[{"href":"https:\/\/www.tucomarca.com\/wordpress\/segunda\/wp-json\/wp\/v2\/posts"}],"about":[{"href":"https:\/\/www.tucomarca.com\/wordpress\/segunda\/wp-json\/wp\/v2\/types\/post"}],"author":[{"embeddable":true,"href":"https:\/\/www.tucomarca.com\/wordpress\/segunda\/wp-json\/wp\/v2\/users\/2"}],"replies":[{"embeddable":true,"href":"https:\/\/www.tucomarca.com\/wordpress\/segunda\/wp-json\/wp\/v2\/comments?post=33438"}],"version-history":[{"count":0,"href":"https:\/\/www.tucomarca.com\/wordpress\/segunda\/wp-json\/wp\/v2\/posts\/33438\/revisions"}],"wp:attachment":[{"href":"https:\/\/www.tucomarca.com\/wordpress\/segunda\/wp-json\/wp\/v2\/media?parent=33438"}],"wp:term":[{"taxonomy":"category","embeddable":true,"href":"https:\/\/www.tucomarca.com\/wordpress\/segunda\/wp-json\/wp\/v2\/categories?post=33438"},{"taxonomy":"post_tag","embeddable":true,"href":"https:\/\/www.tucomarca.com\/wordpress\/segunda\/wp-json\/wp\/v2\/tags?post=33438"}],"curies":[{"name":"wp","href":"https:\/\/api.w.org\/{rel}","templated":true}]}}