{"id":33442,"date":"2015-01-19T20:21:04","date_gmt":"2015-01-19T17:21:04","guid":{"rendered":"http:\/\/www.tucomarca.com\/wordpress\/segunda\/?p=33442"},"modified":"2015-01-19T20:21:40","modified_gmt":"2015-01-19T17:21:40","slug":"rus-preside-este-martes-en-utiel-la-entrega-de-mas-de-45-ordenadores-a-ayuntamientos-de-requena-utiel-la-hoya-y-el-valle-de-ayora","status":"publish","type":"post","link":"https:\/\/www.tucomarca.com\/wordpress\/segunda\/rus-preside-este-martes-en-utiel-la-entrega-de-mas-de-45-ordenadores-a-ayuntamientos-de-requena-utiel-la-hoya-y-el-valle-de-ayora\/","title":{"rendered":"Rus preside este martes en Utiel la entrega de m\u00e1s de 45 ordenadores a los ayuntamientos de Requena, Utiel, La Hoya y el Valle de Ayora"},"content":{"rendered":"<p>El presidente de la Diputaci\u00f3n de Valencia, Alfonso Rus, preside este martes en el Ayuntamiento de Utiel (18,30 horas) el acto de entrega de ordenadores a los consistorios de la comarca de Requena Utiel, as\u00ed como a los de La Hoya de Bu\u00f1ol-Chiva y el Valle de Ayora.<\/p>\n<p>El proyecto se enmarca en el Plan de dotaci\u00f3n de Ordenadores, impulsado por la instituci\u00f3n este a\u00f1o, para la modernizaci\u00f3n del parque inform\u00e1tico de los ayuntamientos, como parte de sus Planes provinciales de Inversi\u00f3n y Empleo 2014-15<\/p>\n<p>El diputado provincial de Modernizaci\u00f3n, Jos\u00e9 Manuel Haro, y el alcalde de Utiel, Jos\u00e9 Ram\u00edrez, guiar\u00e1n el reparto de m\u00e1s de 45 ordenadores asignados a los consistorios locales y mancomunidades de la comarca.<\/p>\n","protected":false},"excerpt":{"rendered":"<div class=\"mh-excerpt\">El presidente de la Diputaci\u00f3n de Valencia, Alfonso Rus, preside este martes en el Ayuntamiento de Utiel (18,30 horas) el acto de entrega de ordenadores a los consistorios de la comarca de Requena Utiel, as\u00ed <a class=\"mh-excerpt-more\" href=\"https:\/\/www.tucomarca.com\/wordpress\/segunda\/rus-preside-este-martes-en-utiel-la-entrega-de-mas-de-45-ordenadores-a-ayuntamientos-de-requena-utiel-la-hoya-y-el-valle-de-ayora\/\" title=\"Rus preside este martes en Utiel la entrega de m\u00e1s de 45 ordenadores a los ayuntamientos de Requena, Utiel, La Hoya y el Valle de Ayora\">[+] <\/a><\/div>\n","protected":false},"author":2,"featured_media":0,"comment_status":"open","ping_status":"open","sticky":false,"template":"","format":"standard","meta":{"footnotes":""},"categories":[4,3],"tags":[838,1557,529,1602,5889,10388,636,10389],"class_list":{"0":"post-33442","1":"post","2":"type-post","3":"status-publish","4":"format-standard","6":"category-agenda","7":"category-seccion","8":"tag-ayuntamientos","9":"tag-entrega","10":"tag-la-hoya-2","11":"tag-mancomunidades","12":"tag-ordenadores","13":"tag-requena","14":"tag-rus","15":"tag-utiel"},"_links":{"self":[{"href":"https:\/\/www.tucomarca.com\/wordpress\/segunda\/wp-json\/wp\/v2\/posts\/33442","targetHints":{"allow":["GET"]}}],"collection":[{"href":"https:\/\/www.tucomarca.com\/wordpress\/segunda\/wp-json\/wp\/v2\/posts"}],"about":[{"href":"https:\/\/www.tucomarca.com\/wordpress\/segunda\/wp-json\/wp\/v2\/types\/post"}],"author":[{"embeddable":true,"href":"https:\/\/www.tucomarca.com\/wordpress\/segunda\/wp-json\/wp\/v2\/users\/2"}],"replies":[{"embeddable":true,"href":"https:\/\/www.tucomarca.com\/wordpress\/segunda\/wp-json\/wp\/v2\/comments?post=33442"}],"version-history":[{"count":0,"href":"https:\/\/www.tucomarca.com\/wordpress\/segunda\/wp-json\/wp\/v2\/posts\/33442\/revisions"}],"wp:attachment":[{"href":"https:\/\/www.tucomarca.com\/wordpress\/segunda\/wp-json\/wp\/v2\/media?parent=33442"}],"wp:term":[{"taxonomy":"category","embeddable":true,"href":"https:\/\/www.tucomarca.com\/wordpress\/segunda\/wp-json\/wp\/v2\/categories?post=33442"},{"taxonomy":"post_tag","embeddable":true,"href":"https:\/\/www.tucomarca.com\/wordpress\/segunda\/wp-json\/wp\/v2\/tags?post=33442"}],"curies":[{"name":"wp","href":"https:\/\/api.w.org\/{rel}","templated":true}]}}