{"id":33461,"date":"2015-01-20T16:44:57","date_gmt":"2015-01-20T13:44:57","guid":{"rendered":"http:\/\/www.tucomarca.com\/wordpress\/segunda\/?p=33461"},"modified":"2015-01-20T16:44:57","modified_gmt":"2015-01-20T13:44:57","slug":"el-ayuntamiento-de-benifaio-contrata-a-11-vecinos-desempleados","status":"publish","type":"post","link":"https:\/\/www.tucomarca.com\/wordpress\/segunda\/el-ayuntamiento-de-benifaio-contrata-a-11-vecinos-desempleados\/","title":{"rendered":"El Ayuntamiento de Benifai\u00f3 contrata a 11 vecinos desempleados"},"content":{"rendered":"<p>El Ayuntamiento de Benifai\u00f3, a trav\u00e9s del departamento ADL (Agencia de Desarrollo Local), concluy\u00f3 el 2014 ofreciendo trabajo a un total de 11 vecinos en situaci\u00f3n de desempleo.<br \/>\nEstas contrataciones se dividen en dos proyectos de empleo. El primero conocido como Salario Joven impulsado desde el SERVEF y al que se acogi\u00f3 el consistorio. Un total de 5 j\u00f3venes del municipio, menores de 30 a\u00f1os y sin empleo, en situaci\u00f3n de estudiantes o reci\u00e9n graduados est\u00e1n ya en un contrato de pr\u00e1cticas con retribuci\u00f3n econ\u00f3mica durante seis meses ejerciendo funciones acordes a su formaci\u00f3n a trav\u00e9s de dos planes, Inform\u00e1tica para todos o Gesti\u00f3n de Tiempo libre.<br \/>\nEn el segundo proyecto, Plan de Empleo Conjunto, en el que colaboran la Conselleria de Administraciones P\u00fablicas, la Diputaci\u00f3n de Valencia y el Ayuntamiento de Benifai\u00f3, se han contratado a 6 vecinos para funciones de peones y auxiliar de ayuda a domicilio. Se trata de vecinos en situaci\u00f3n de desempleo y con escasos recursos econ\u00f3micos.<\/p>\n","protected":false},"excerpt":{"rendered":"<div class=\"mh-excerpt\">El Ayuntamiento de Benifai\u00f3, a trav\u00e9s del departamento ADL (Agencia de Desarrollo Local), concluy\u00f3 el 2014 ofreciendo trabajo a un total de 11 vecinos en situaci\u00f3n de desempleo. Estas contrataciones se dividen en dos proyectos <a class=\"mh-excerpt-more\" href=\"https:\/\/www.tucomarca.com\/wordpress\/segunda\/el-ayuntamiento-de-benifaio-contrata-a-11-vecinos-desempleados\/\" title=\"El Ayuntamiento de Benifai\u00f3 contrata a 11 vecinos desempleados\">[+] <\/a><\/div>\n","protected":false},"author":2,"featured_media":0,"comment_status":"open","ping_status":"open","sticky":false,"template":"","format":"standard","meta":{"footnotes":""},"categories":[267,8,42,3],"tags":[6787,6788,10460,68,1230],"class_list":{"0":"post-33461","1":"post","2":"type-post","3":"status-publish","4":"format-standard","6":"category-benifaio","7":"category-la-comarca","8":"category-la-ribera","9":"category-seccion","10":"tag-11-vecinos","11":"tag-agencia-desarrollo-local","12":"tag-benifaio","13":"tag-empleo","14":"tag-oferta"},"_links":{"self":[{"href":"https:\/\/www.tucomarca.com\/wordpress\/segunda\/wp-json\/wp\/v2\/posts\/33461","targetHints":{"allow":["GET"]}}],"collection":[{"href":"https:\/\/www.tucomarca.com\/wordpress\/segunda\/wp-json\/wp\/v2\/posts"}],"about":[{"href":"https:\/\/www.tucomarca.com\/wordpress\/segunda\/wp-json\/wp\/v2\/types\/post"}],"author":[{"embeddable":true,"href":"https:\/\/www.tucomarca.com\/wordpress\/segunda\/wp-json\/wp\/v2\/users\/2"}],"replies":[{"embeddable":true,"href":"https:\/\/www.tucomarca.com\/wordpress\/segunda\/wp-json\/wp\/v2\/comments?post=33461"}],"version-history":[{"count":0,"href":"https:\/\/www.tucomarca.com\/wordpress\/segunda\/wp-json\/wp\/v2\/posts\/33461\/revisions"}],"wp:attachment":[{"href":"https:\/\/www.tucomarca.com\/wordpress\/segunda\/wp-json\/wp\/v2\/media?parent=33461"}],"wp:term":[{"taxonomy":"category","embeddable":true,"href":"https:\/\/www.tucomarca.com\/wordpress\/segunda\/wp-json\/wp\/v2\/categories?post=33461"},{"taxonomy":"post_tag","embeddable":true,"href":"https:\/\/www.tucomarca.com\/wordpress\/segunda\/wp-json\/wp\/v2\/tags?post=33461"}],"curies":[{"name":"wp","href":"https:\/\/api.w.org\/{rel}","templated":true}]}}