{"id":33548,"date":"2015-01-23T16:53:52","date_gmt":"2015-01-23T13:53:52","guid":{"rendered":"http:\/\/www.tucomarca.com\/wordpress\/segunda\/?p=33548"},"modified":"2015-01-23T16:53:52","modified_gmt":"2015-01-23T13:53:52","slug":"concierto-en-el-palacio-de-la-musica-de-bunol","status":"publish","type":"post","link":"https:\/\/www.tucomarca.com\/wordpress\/segunda\/concierto-en-el-palacio-de-la-musica-de-bunol\/","title":{"rendered":"Concierto en el Palacio de la M\u00fasica de Bu\u00f1ol"},"content":{"rendered":"<p>Este domingo 25 de enero, a las 13 horas y en el Palacio de la M\u00fasica de Bu\u00f1ol, el grupo Synergein Music Project va a realizar un espectacular concierto. Esta innovadora iniciativa ser\u00e1 protagonizada por V\u00edctor Trescol\u00ed (piano), Sisco Aparici (percusi\u00f3n) y Vicent G\u00f3mez (control y difusi\u00f3n sonora), se presenta en la sede social del CIM La Arm\u00f3nica con obras de Carlos Perales, Vicent G\u00f3mez y Karlheinz Stockhausen.<\/p>\n","protected":false},"excerpt":{"rendered":"<div class=\"mh-excerpt\">Este domingo 25 de enero, a las 13 horas y en el Palacio de la M\u00fasica de Bu\u00f1ol, el grupo Synergein Music Project va a realizar un espectacular concierto. Esta innovadora iniciativa ser\u00e1 protagonizada por <a class=\"mh-excerpt-more\" href=\"https:\/\/www.tucomarca.com\/wordpress\/segunda\/concierto-en-el-palacio-de-la-musica-de-bunol\/\" title=\"Concierto en el Palacio de la M\u00fasica de Bu\u00f1ol\">[+] <\/a><\/div>\n","protected":false},"author":2,"featured_media":0,"comment_status":"open","ping_status":"open","sticky":false,"template":"","format":"standard","meta":{"footnotes":""},"categories":[4,3],"tags":[10385,95,2538],"class_list":{"0":"post-33548","1":"post","2":"type-post","3":"status-publish","4":"format-standard","6":"category-agenda","7":"category-seccion","8":"tag-bunol","9":"tag-concierto","10":"tag-palacio-musica"},"_links":{"self":[{"href":"https:\/\/www.tucomarca.com\/wordpress\/segunda\/wp-json\/wp\/v2\/posts\/33548","targetHints":{"allow":["GET"]}}],"collection":[{"href":"https:\/\/www.tucomarca.com\/wordpress\/segunda\/wp-json\/wp\/v2\/posts"}],"about":[{"href":"https:\/\/www.tucomarca.com\/wordpress\/segunda\/wp-json\/wp\/v2\/types\/post"}],"author":[{"embeddable":true,"href":"https:\/\/www.tucomarca.com\/wordpress\/segunda\/wp-json\/wp\/v2\/users\/2"}],"replies":[{"embeddable":true,"href":"https:\/\/www.tucomarca.com\/wordpress\/segunda\/wp-json\/wp\/v2\/comments?post=33548"}],"version-history":[{"count":0,"href":"https:\/\/www.tucomarca.com\/wordpress\/segunda\/wp-json\/wp\/v2\/posts\/33548\/revisions"}],"wp:attachment":[{"href":"https:\/\/www.tucomarca.com\/wordpress\/segunda\/wp-json\/wp\/v2\/media?parent=33548"}],"wp:term":[{"taxonomy":"category","embeddable":true,"href":"https:\/\/www.tucomarca.com\/wordpress\/segunda\/wp-json\/wp\/v2\/categories?post=33548"},{"taxonomy":"post_tag","embeddable":true,"href":"https:\/\/www.tucomarca.com\/wordpress\/segunda\/wp-json\/wp\/v2\/tags?post=33548"}],"curies":[{"name":"wp","href":"https:\/\/api.w.org\/{rel}","templated":true}]}}