{"id":33552,"date":"2015-01-23T16:56:18","date_gmt":"2015-01-23T13:56:18","guid":{"rendered":"http:\/\/www.tucomarca.com\/wordpress\/segunda\/?p=33552"},"modified":"2015-01-23T16:56:18","modified_gmt":"2015-01-23T13:56:18","slug":"aniversario-de-la-pena-taurina-el-torico-de-chiva","status":"publish","type":"post","link":"https:\/\/www.tucomarca.com\/wordpress\/segunda\/aniversario-de-la-pena-taurina-el-torico-de-chiva\/","title":{"rendered":"Aniversario de la Pe\u00f1a Taurina \u00abEl Torico\u00bb de Chiva"},"content":{"rendered":"<p>El pr\u00f3ximo s\u00e1bado d\u00eda 24 de enero, se cumplen los 50 a\u00f1os de la Asociaci\u00f3n Pe\u00f1a Taurina El Torico, y 250 a\u00f1os del documento m\u00e1s antiguo de la fiesta que se conserva. Por todo ello, la Pe\u00f1a Taurina va a realizar un homenaje a todos los presidentes en el Teatro Astoria a las 19,00 horas. A su vez, el museo de la Pe\u00f1a Taurina acoger\u00e1 una exposici\u00f3n de recuerdos de todas las d\u00e9cadas.<\/p>\n","protected":false},"excerpt":{"rendered":"<div class=\"mh-excerpt\">El pr\u00f3ximo s\u00e1bado d\u00eda 24 de enero, se cumplen los 50 a\u00f1os de la Asociaci\u00f3n Pe\u00f1a Taurina El Torico, y 250 a\u00f1os del documento m\u00e1s antiguo de la fiesta que se conserva. Por todo ello, <a class=\"mh-excerpt-more\" href=\"https:\/\/www.tucomarca.com\/wordpress\/segunda\/aniversario-de-la-pena-taurina-el-torico-de-chiva\/\" title=\"Aniversario de la Pe\u00f1a Taurina \u00abEl Torico\u00bb de Chiva\">[+] <\/a><\/div>\n","protected":false},"author":2,"featured_media":0,"comment_status":"open","ping_status":"open","sticky":false,"template":"","format":"standard","meta":{"footnotes":""},"categories":[4,3],"tags":[10384,1084,1041,1042],"class_list":{"0":"post-33552","1":"post","2":"type-post","3":"status-publish","4":"format-standard","6":"category-agenda","7":"category-seccion","8":"tag-chiva","9":"tag-inauguracion","10":"tag-pena","11":"tag-taurina"},"_links":{"self":[{"href":"https:\/\/www.tucomarca.com\/wordpress\/segunda\/wp-json\/wp\/v2\/posts\/33552","targetHints":{"allow":["GET"]}}],"collection":[{"href":"https:\/\/www.tucomarca.com\/wordpress\/segunda\/wp-json\/wp\/v2\/posts"}],"about":[{"href":"https:\/\/www.tucomarca.com\/wordpress\/segunda\/wp-json\/wp\/v2\/types\/post"}],"author":[{"embeddable":true,"href":"https:\/\/www.tucomarca.com\/wordpress\/segunda\/wp-json\/wp\/v2\/users\/2"}],"replies":[{"embeddable":true,"href":"https:\/\/www.tucomarca.com\/wordpress\/segunda\/wp-json\/wp\/v2\/comments?post=33552"}],"version-history":[{"count":0,"href":"https:\/\/www.tucomarca.com\/wordpress\/segunda\/wp-json\/wp\/v2\/posts\/33552\/revisions"}],"wp:attachment":[{"href":"https:\/\/www.tucomarca.com\/wordpress\/segunda\/wp-json\/wp\/v2\/media?parent=33552"}],"wp:term":[{"taxonomy":"category","embeddable":true,"href":"https:\/\/www.tucomarca.com\/wordpress\/segunda\/wp-json\/wp\/v2\/categories?post=33552"},{"taxonomy":"post_tag","embeddable":true,"href":"https:\/\/www.tucomarca.com\/wordpress\/segunda\/wp-json\/wp\/v2\/tags?post=33552"}],"curies":[{"name":"wp","href":"https:\/\/api.w.org\/{rel}","templated":true}]}}