{"id":33556,"date":"2015-01-23T17:00:21","date_gmt":"2015-01-23T14:00:21","guid":{"rendered":"http:\/\/www.tucomarca.com\/wordpress\/segunda\/?p=33556"},"modified":"2015-01-23T17:00:21","modified_gmt":"2015-01-23T14:00:21","slug":"chiva-y-alborache-celebran-la-festividad-en-honor-a-san-anton","status":"publish","type":"post","link":"https:\/\/www.tucomarca.com\/wordpress\/segunda\/chiva-y-alborache-celebran-la-festividad-en-honor-a-san-anton\/","title":{"rendered":"Chiva y Alborache celebran la festividad en honor a San Ant\u00f3n"},"content":{"rendered":"<p>Los animales ser\u00e1n los protagonistas de los actos organizados tanto en Chiva como en Alborache con motivo de la festividad de San Ant\u00f3n.<br \/>\nEn tierras chivanas, este s\u00e1bado 24 de enero tendr\u00e1 lugar, a las 19 horas, una eucarist\u00eda y posteriormente la tradicional hoguera en la plaza de la Iglesia.<br \/>\nSer\u00e1 el domingo 25 cuando centenares de mascotas de todo tipo desfilar\u00e1n desde el paseo de la Argentina hasta la plaza de la Constituci\u00f3n para ser bendecidos en un acto que resulta, cada a\u00f1o, muy especial para sus due\u00f1os. A las 12,30 horas est\u00e1 prevista la concentraci\u00f3n de los animales en el paseo de la Argentina y a las 13h el acto de bendici\u00f3n en la plaza. La jornada culminar\u00e1 con una comida de hermandad en el restaurante el Canario, previa reserva.<br \/>\nEste acto pretende concienciar a los due\u00f1os de animales sobre la obligaci\u00f3n de respetar y cuidar a las mascotas que tienen a su cargo, una responsabilidad que se pone de manifiesto en esta multitudinaria bendici\u00f3n que, cada a\u00f1o, cuenta con una mayor afluencia de participantes.<br \/>\nEn Alborache, el s\u00e1bado por la tarde se prender\u00e1 la hoguera en la Plaza Salvador Mart\u00ednez, para posteriormente celerar la cena organizada por la falla y a la que seguir\u00e1 la esperada discom\u00f3vil.<br \/>\nEl domingo 25, tanto los vecinos como los participantes habituales en estos festejos est\u00e1n citados en el Paseo de San Jaime, punto en el que acontecer\u00e1 la bendici\u00f3n de los animales. Esta cita se completar\u00e1 con el tradicional desfiles de protagonistas por el recorrido habitual.<\/p>\n","protected":false},"excerpt":{"rendered":"<div class=\"mh-excerpt\">Los animales ser\u00e1n los protagonistas de los actos organizados tanto en Chiva como en Alborache con motivo de la festividad de San Ant\u00f3n. En tierras chivanas, este s\u00e1bado 24 de enero tendr\u00e1 lugar, a las <a class=\"mh-excerpt-more\" href=\"https:\/\/www.tucomarca.com\/wordpress\/segunda\/chiva-y-alborache-celebran-la-festividad-en-honor-a-san-anton\/\" title=\"Chiva y Alborache celebran la festividad en honor a San Ant\u00f3n\">[+] <\/a><\/div>\n","protected":false},"author":2,"featured_media":0,"comment_status":"open","ping_status":"open","sticky":false,"template":"","format":"standard","meta":{"footnotes":""},"categories":[4,3],"tags":[10386,10384,6821,1964,589],"class_list":{"0":"post-33556","1":"post","2":"type-post","3":"status-publish","4":"format-standard","6":"category-agenda","7":"category-seccion","8":"tag-alborache","9":"tag-chiva","10":"tag-en-honor","11":"tag-festividad","12":"tag-san-anton"},"_links":{"self":[{"href":"https:\/\/www.tucomarca.com\/wordpress\/segunda\/wp-json\/wp\/v2\/posts\/33556","targetHints":{"allow":["GET"]}}],"collection":[{"href":"https:\/\/www.tucomarca.com\/wordpress\/segunda\/wp-json\/wp\/v2\/posts"}],"about":[{"href":"https:\/\/www.tucomarca.com\/wordpress\/segunda\/wp-json\/wp\/v2\/types\/post"}],"author":[{"embeddable":true,"href":"https:\/\/www.tucomarca.com\/wordpress\/segunda\/wp-json\/wp\/v2\/users\/2"}],"replies":[{"embeddable":true,"href":"https:\/\/www.tucomarca.com\/wordpress\/segunda\/wp-json\/wp\/v2\/comments?post=33556"}],"version-history":[{"count":0,"href":"https:\/\/www.tucomarca.com\/wordpress\/segunda\/wp-json\/wp\/v2\/posts\/33556\/revisions"}],"wp:attachment":[{"href":"https:\/\/www.tucomarca.com\/wordpress\/segunda\/wp-json\/wp\/v2\/media?parent=33556"}],"wp:term":[{"taxonomy":"category","embeddable":true,"href":"https:\/\/www.tucomarca.com\/wordpress\/segunda\/wp-json\/wp\/v2\/categories?post=33556"},{"taxonomy":"post_tag","embeddable":true,"href":"https:\/\/www.tucomarca.com\/wordpress\/segunda\/wp-json\/wp\/v2\/tags?post=33556"}],"curies":[{"name":"wp","href":"https:\/\/api.w.org\/{rel}","templated":true}]}}