{"id":33559,"date":"2015-01-26T12:06:26","date_gmt":"2015-01-26T09:06:26","guid":{"rendered":"http:\/\/www.tucomarca.com\/wordpress\/segunda\/?p=33559"},"modified":"2015-01-26T12:06:26","modified_gmt":"2015-01-26T09:06:26","slug":"resultados-cosechados-por-los-equipos-de-futbol-del-interior-18","status":"publish","type":"post","link":"https:\/\/www.tucomarca.com\/wordpress\/segunda\/resultados-cosechados-por-los-equipos-de-futbol-del-interior-18\/","title":{"rendered":"Resultados cosechados por los equipos de f\u00fatbol del interior"},"content":{"rendered":"<p>El fin de semana ha dejado resultados muy dispares en lo f\u00fatbol\u00edstico. En Tercera Divisi\u00f3n, el SC Requena se queda en la antepen\u00faltima posici\u00f3n tras perder en casa contra el Villarreal C por 1 gol a 2, mientras que el CD Utiel sigue como solista pese a empatar a domicilio (1-1) contra el Jove Espa\u00f1ol de San Vicente.<br \/>\nEn Preferente, el CD Bu\u00f1ol se impuso por 4 goles a 2 en el Beltr\u00e1n a la UD Quart de Poblet, el Chiva empat\u00f3 a 1 a domicio frente al Albuixech, mientras que el CD Cheste venci\u00f3 en Vilamarxant por 1 tanto a 2.<\/p>\n","protected":false},"excerpt":{"rendered":"<div class=\"mh-excerpt\">El fin de semana ha dejado resultados muy dispares en lo f\u00fatbol\u00edstico. En Tercera Divisi\u00f3n, el SC Requena se queda en la antepen\u00faltima posici\u00f3n tras perder en casa contra el Villarreal C por 1 gol <a class=\"mh-excerpt-more\" href=\"https:\/\/www.tucomarca.com\/wordpress\/segunda\/resultados-cosechados-por-los-equipos-de-futbol-del-interior-18\/\" title=\"Resultados cosechados por los equipos de f\u00fatbol del interior\">[+] <\/a><\/div>\n","protected":false},"author":2,"featured_media":0,"comment_status":"open","ping_status":"open","sticky":false,"template":"","format":"standard","meta":{"footnotes":""},"categories":[50,6,8,3],"tags":[773,44,713,426],"class_list":{"0":"post-33559","1":"post","2":"type-post","3":"status-publish","4":"format-standard","6":"category-futbol-deportes","7":"category-deportes","8":"category-la-comarca","9":"category-seccion","10":"tag-equipos","11":"tag-futbol","12":"tag-interior","13":"tag-resultados"},"_links":{"self":[{"href":"https:\/\/www.tucomarca.com\/wordpress\/segunda\/wp-json\/wp\/v2\/posts\/33559","targetHints":{"allow":["GET"]}}],"collection":[{"href":"https:\/\/www.tucomarca.com\/wordpress\/segunda\/wp-json\/wp\/v2\/posts"}],"about":[{"href":"https:\/\/www.tucomarca.com\/wordpress\/segunda\/wp-json\/wp\/v2\/types\/post"}],"author":[{"embeddable":true,"href":"https:\/\/www.tucomarca.com\/wordpress\/segunda\/wp-json\/wp\/v2\/users\/2"}],"replies":[{"embeddable":true,"href":"https:\/\/www.tucomarca.com\/wordpress\/segunda\/wp-json\/wp\/v2\/comments?post=33559"}],"version-history":[{"count":0,"href":"https:\/\/www.tucomarca.com\/wordpress\/segunda\/wp-json\/wp\/v2\/posts\/33559\/revisions"}],"wp:attachment":[{"href":"https:\/\/www.tucomarca.com\/wordpress\/segunda\/wp-json\/wp\/v2\/media?parent=33559"}],"wp:term":[{"taxonomy":"category","embeddable":true,"href":"https:\/\/www.tucomarca.com\/wordpress\/segunda\/wp-json\/wp\/v2\/categories?post=33559"},{"taxonomy":"post_tag","embeddable":true,"href":"https:\/\/www.tucomarca.com\/wordpress\/segunda\/wp-json\/wp\/v2\/tags?post=33559"}],"curies":[{"name":"wp","href":"https:\/\/api.w.org\/{rel}","templated":true}]}}