{"id":33620,"date":"2015-01-28T16:43:49","date_gmt":"2015-01-28T13:43:49","guid":{"rendered":"http:\/\/www.tucomarca.com\/wordpress\/segunda\/?p=33620"},"modified":"2015-01-28T16:43:49","modified_gmt":"2015-01-28T13:43:49","slug":"decretada-la-preemergencia-por-vientos-fuertes-nivel-naranja-en-valencia-y-en-el-interior-y-litoral-norte-de-alicante","status":"publish","type":"post","link":"https:\/\/www.tucomarca.com\/wordpress\/segunda\/decretada-la-preemergencia-por-vientos-fuertes-nivel-naranja-en-valencia-y-en-el-interior-y-litoral-norte-de-alicante\/","title":{"rendered":"Decretada la preemergencia por vientos fuertes, nivel naranja, en Valencia y en el interior y litoral norte de Alicante"},"content":{"rendered":"<p>La Conselleria de Gobernaci\u00f3n y Justicia, a trav\u00e9s del Centro de Coordinaci\u00f3n de Emergencias (CCE), ha decretado la preemergencia por vientos fuertes (nivel naranja) en la provincia de Valencia y en el interior y litoral norte de Alicante, ya que seg\u00fan la Agencia Estatal de Meteorolog\u00eda (AEMET) ma\u00f1ana se pueden registrar rachas m\u00e1ximas de 100 km\/h.<\/p>\n<p>En este sentido, AEMET prev\u00e9 para la jornada del jueves \u00abcielo poco nuboso aumentando a nuboso de nubes medias y altas. Temperaturas m\u00ednimas con pocos cambios y las m\u00e1ximas en ascenso, m\u00e1s acusado en el litoral. Viento de componente oeste flojo aumentando por la ma\u00f1ana a moderado, con intervalos de fuerte a partir de la tarde y rachas de m\u00e1s de 80-100km\/h.<\/p>\n<p>Por este motivo, el CCE ha procedido a informar de la situaci\u00f3n de preemergencia por vientos fuertes a los municipios de las zonas afectados. Adem\u00e1s, ha comunicado la situaci\u00f3n meteorol\u00f3gica a los organismos de emergencias y servicios p\u00fablicos para que adopten las medidas preventivas necesarias.<\/p>\n<p>Consejos frente a situaciones de fuertes vientos<\/p>\n<p>El CCE aconseja que se sigan las siguientes recomendaciones y que ante cualquier incidente originado por el viento se llame inmediatamente al tel\u00e9fono de emergencias 112.<\/p>\n<p>&#8211; Revisar las viviendas que no haya cornisas, balcones y fachadas en mal estado que puedan producir ca\u00eddas de cascotes y escombros.<\/p>\n<p>&#8211; Cerrar puertas y ventanas para evitar corrientes de aire que puedan llevar a la rotura y ca\u00edda de cristales.<\/p>\n<p>&#8211; Asegurar elementos como los toldos, persianas y antenas. Retirar macetas, jaulas y cualquier objeto que pueda caer a la calle.<\/p>\n<p>Qu\u00e9 hacer en la calle o en el campo:<\/p>\n<p>&#8211; No salgas si no es necesario.<\/p>\n<p>&#8211; Al\u00e9jate de casa viejas o en mal estado.<\/p>\n<p>&#8211; Evita los muros y las vallas publicitarias.<\/p>\n<p>&#8211; Los \u00e1rboles ofrecen el peligro de ca\u00edda y rotura de grandes ramas.<\/p>\n<p>&#8211; No transites por parques o avenidas arboladas.<\/p>\n<p>&#8211; No pases por debajo de andamios o edificios en construcci\u00f3n.<\/p>\n<p>&#8211; Los postes de luz y torres de alta tensi\u00f3n son muy peligrosos. Al\u00e9jate y en caso de ca\u00edda avisa al tel\u00e9fono 112.<\/p>\n<p>Precauci\u00f3n en la carretera:<\/p>\n<p>&#8211; Si es posible evita circular. Usa preferentemente el transporte p\u00fablico y en caso de tener que salir, inf\u00f3rmate de la predicci\u00f3n meteorol\u00f3gica.<\/p>\n<p>&#8211; Reduce la velocidad a l\u00edmites de seguridad. Un golpe de viento puede desviarte de la trayectoria.<\/p>\n<p>&#8211; Las motos y los veh\u00edculos de grandes dimensiones que ofrecen una gran superficie de contacto con el viento (camiones, furgonetas, veh\u00edculos con remolque o roulottes) corren el peligro de volcar ante vientos transversales.<\/p>\n","protected":false},"excerpt":{"rendered":"<div class=\"mh-excerpt\">La Conselleria de Gobernaci\u00f3n y Justicia, a trav\u00e9s del Centro de Coordinaci\u00f3n de Emergencias (CCE), ha decretado la preemergencia por vientos fuertes (nivel naranja) en la provincia de Valencia y en el interior y litoral <a class=\"mh-excerpt-more\" href=\"https:\/\/www.tucomarca.com\/wordpress\/segunda\/decretada-la-preemergencia-por-vientos-fuertes-nivel-naranja-en-valencia-y-en-el-interior-y-litoral-norte-de-alicante\/\" title=\"Decretada la preemergencia por vientos fuertes, nivel naranja, en Valencia y en el interior y litoral norte de Alicante\">[+] <\/a><\/div>\n","protected":false},"author":2,"featured_media":0,"comment_status":"open","ping_status":"open","sticky":false,"template":"","format":"standard","meta":{"footnotes":""},"categories":[8,72,10,3],"tags":[3183,3250,390,394,797],"class_list":{"0":"post-33620","1":"post","2":"type-post","3":"status-publish","4":"format-standard","6":"category-la-comarca","7":"category-sin-categorizar","8":"category-la-hoya","9":"category-seccion","10":"tag-decreta","11":"tag-fuertes-vientos","12":"tag-gobernacion","13":"tag-preemergencia","14":"tag-valencia"},"_links":{"self":[{"href":"https:\/\/www.tucomarca.com\/wordpress\/segunda\/wp-json\/wp\/v2\/posts\/33620","targetHints":{"allow":["GET"]}}],"collection":[{"href":"https:\/\/www.tucomarca.com\/wordpress\/segunda\/wp-json\/wp\/v2\/posts"}],"about":[{"href":"https:\/\/www.tucomarca.com\/wordpress\/segunda\/wp-json\/wp\/v2\/types\/post"}],"author":[{"embeddable":true,"href":"https:\/\/www.tucomarca.com\/wordpress\/segunda\/wp-json\/wp\/v2\/users\/2"}],"replies":[{"embeddable":true,"href":"https:\/\/www.tucomarca.com\/wordpress\/segunda\/wp-json\/wp\/v2\/comments?post=33620"}],"version-history":[{"count":0,"href":"https:\/\/www.tucomarca.com\/wordpress\/segunda\/wp-json\/wp\/v2\/posts\/33620\/revisions"}],"wp:attachment":[{"href":"https:\/\/www.tucomarca.com\/wordpress\/segunda\/wp-json\/wp\/v2\/media?parent=33620"}],"wp:term":[{"taxonomy":"category","embeddable":true,"href":"https:\/\/www.tucomarca.com\/wordpress\/segunda\/wp-json\/wp\/v2\/categories?post=33620"},{"taxonomy":"post_tag","embeddable":true,"href":"https:\/\/www.tucomarca.com\/wordpress\/segunda\/wp-json\/wp\/v2\/tags?post=33620"}],"curies":[{"name":"wp","href":"https:\/\/api.w.org\/{rel}","templated":true}]}}