{"id":33634,"date":"2015-01-29T11:43:17","date_gmt":"2015-01-29T08:43:17","guid":{"rendered":"http:\/\/www.tucomarca.com\/wordpress\/segunda\/?p=33634"},"modified":"2015-01-29T11:43:17","modified_gmt":"2015-01-29T08:43:17","slug":"el-gobierno-de-alborache-muestra-su-satisfaccion-por-el-inicio-de-las-obras-del-nuevo-poligono-industrial","status":"publish","type":"post","link":"https:\/\/www.tucomarca.com\/wordpress\/segunda\/el-gobierno-de-alborache-muestra-su-satisfaccion-por-el-inicio-de-las-obras-del-nuevo-poligono-industrial\/","title":{"rendered":"El gobierno de Alborache muestra su satisfacci\u00f3n por el inicio de las obras del nuevo pol\u00edgono industrial"},"content":{"rendered":"<p>Tal como inform\u00f3 este semanario en su edici\u00f3n impresa, despu\u00e9s de intensas gestiones burocr\u00e1ticas del equipo de gobierno, a principios de este mismo mes han dado comienzo los trabajos de construcci\u00f3n del pol\u00edgono de Alborache que, como se espera, actuar\u00e1 como motor econ\u00f3mico tanto de la poblaci\u00f3n como de los municipios adyacentes.<br \/>\nSeg\u00fan ha explicado la edil de Urbanismo del consistorio, Ver\u00f3nica Alcocer, los trabajos se centran en la creaci\u00f3n de los accesos, en la apertura de calles, as\u00ed como en la urbanizaci\u00f3n, incluida la creaci\u00f3n de zonas verdes.<br \/>\nLa superficie que en la que se act\u00faa inicialmente es de 16.349 metros cuadrados, aunque se dispone de otros 158.733 para ofertar a quienes apuesten por ubicarse en este emplazamiento en el futuro.<br \/>\n\u00abAunque ha costado mucho llegar hasta aqu\u00ed, lo cierto es que es siempre motivo de alegr\u00eda poder poner en marcha un pol\u00edgono industrial en el que esperamos se ubiquen numerosas empresas en los pr\u00f3ximos a\u00f1os\u00bb, ha destacado la edil.<br \/>\nLa primera fase de actuaci\u00f3n est\u00e1 previsto que finalice a principios del pr\u00f3ximo mes de abril, fecha en la que comenzar\u00e1 a funcionar el pol\u00edgono.<br \/>\nCon su puesta en marcha, el ente municipal, que est\u00e1 presidido por Miguel Pinach (PP), cumple uno de los objetivos marcados para este mandato, al tiempo que ofrece una herramienta esencial para la creaci\u00f3n de empleo en la localidad.<br \/>\nComo detall\u00f3 tiempo atr\u00e1s este semanario, el proceso se realiza por gesti\u00f3n directa del ente municipal, lo que ayuda tanto a preservar los derechos de los propietarios afectados como a la transparencia de todo el proceso. Todo eso, siempre respetando la legalidad y sin buscar beneficio alguno, algo que s\u00ed ocurre en los casos en los que se apuesta por una gesti\u00f3n indirecta.<br \/>\nTambi\u00e9n ha sido importante la colaboraci\u00f3n de la Diputaci\u00f3n, de Valencia, pues sin su autorizaci\u00f3n hubiese sido imposible acometer los accesos al pol\u00edgono.<\/p>\n","protected":false},"excerpt":{"rendered":"<div class=\"mh-excerpt\">Tal como inform\u00f3 este semanario en su edici\u00f3n impresa, despu\u00e9s de intensas gestiones burocr\u00e1ticas del equipo de gobierno, a principios de este mismo mes han dado comienzo los trabajos de construcci\u00f3n del pol\u00edgono de Alborache <a class=\"mh-excerpt-more\" href=\"https:\/\/www.tucomarca.com\/wordpress\/segunda\/el-gobierno-de-alborache-muestra-su-satisfaccion-por-el-inicio-de-las-obras-del-nuevo-poligono-industrial\/\" title=\"El gobierno de Alborache muestra su satisfacci\u00f3n por el inicio de las obras del nuevo pol\u00edgono industrial\">[+] <\/a><\/div>\n","protected":false},"author":2,"featured_media":0,"comment_status":"open","ping_status":"open","sticky":false,"template":"","format":"standard","meta":{"footnotes":""},"categories":[19,128,8,10,142,3],"tags":[10386,765,2289,767],"class_list":{"0":"post-33634","1":"post","2":"type-post","3":"status-publish","4":"format-standard","6":"category-alborache","7":"category-infraestructuras","8":"category-la-comarca","9":"category-la-hoya","10":"category-politica-la-comarca","11":"category-seccion","12":"tag-alborache","13":"tag-obras","14":"tag-poligono-industrial","15":"tag-trabajos"},"_links":{"self":[{"href":"https:\/\/www.tucomarca.com\/wordpress\/segunda\/wp-json\/wp\/v2\/posts\/33634","targetHints":{"allow":["GET"]}}],"collection":[{"href":"https:\/\/www.tucomarca.com\/wordpress\/segunda\/wp-json\/wp\/v2\/posts"}],"about":[{"href":"https:\/\/www.tucomarca.com\/wordpress\/segunda\/wp-json\/wp\/v2\/types\/post"}],"author":[{"embeddable":true,"href":"https:\/\/www.tucomarca.com\/wordpress\/segunda\/wp-json\/wp\/v2\/users\/2"}],"replies":[{"embeddable":true,"href":"https:\/\/www.tucomarca.com\/wordpress\/segunda\/wp-json\/wp\/v2\/comments?post=33634"}],"version-history":[{"count":0,"href":"https:\/\/www.tucomarca.com\/wordpress\/segunda\/wp-json\/wp\/v2\/posts\/33634\/revisions"}],"wp:attachment":[{"href":"https:\/\/www.tucomarca.com\/wordpress\/segunda\/wp-json\/wp\/v2\/media?parent=33634"}],"wp:term":[{"taxonomy":"category","embeddable":true,"href":"https:\/\/www.tucomarca.com\/wordpress\/segunda\/wp-json\/wp\/v2\/categories?post=33634"},{"taxonomy":"post_tag","embeddable":true,"href":"https:\/\/www.tucomarca.com\/wordpress\/segunda\/wp-json\/wp\/v2\/tags?post=33634"}],"curies":[{"name":"wp","href":"https:\/\/api.w.org\/{rel}","templated":true}]}}