{"id":33636,"date":"2015-01-29T11:46:07","date_gmt":"2015-01-29T08:46:07","guid":{"rendered":"http:\/\/www.tucomarca.com\/wordpress\/segunda\/?p=33636"},"modified":"2015-01-29T11:46:07","modified_gmt":"2015-01-29T08:46:07","slug":"diputacion-inicia-el-expediente-de-expropiacion-para-acometer-la-mejora-integral-de-la-cv425","status":"publish","type":"post","link":"https:\/\/www.tucomarca.com\/wordpress\/segunda\/diputacion-inicia-el-expediente-de-expropiacion-para-acometer-la-mejora-integral-de-la-cv425\/","title":{"rendered":"Diputaci\u00f3n inicia el expediente de expropiaci\u00f3n para acometer la mejora integral de la CV425"},"content":{"rendered":"<p>Como adelant\u00f3 este semanario en su edici\u00f3n impresa, fuentes de la Diputaci\u00f3n de Valencia han confirmado que ya se ha iniciado el expediente de expropiaci\u00f3n que permitir\u00e1 acometer la mejora integral de la CV425 que une Bu\u00f1ol con los municipios de Alborache, Macastre y Y\u00e1tova. Fuentes del ente provincial han detallado que esta es una actuaci\u00f3n de envergadura que est\u00e1 en lista de espera y que se quiere acometer en cuanto sea posible. As\u00ed las cosas, ya se han dado los \u00faltimos retoques al proyecto final que est\u00e1 cifrado en unos 8 millones de euros y que, como han apuntado, \u00abse ejecutar\u00e1 por fases\u00bb.<br \/>\nComo se ha recordado, la mejora y ampliaci\u00f3n de carretera (en los tramos que sea posible) ir\u00e1 acompa\u00f1ada de la eliminaci\u00f3n de puntos cr\u00edticos como el de los Cuatro Caminos de Macastre, o la curva del Mico, en Alborache, as\u00ed como de la creaci\u00f3n de un viaducto que agilice la conducci\u00f3n y minimice los riesgos para quienes habitualmente utilizan esta carretera.<br \/>\nLa construcci\u00f3n de un carril bici y de una v\u00eda de servicio confirman la importancia de esta actuaci\u00f3n a desarrollar por el ente provincial y que est\u00e1 siendo seguida de cerca por los alcaldes de las localidades de Alborache, Macastre y Y\u00e1tova, quienes recientemente preguntaron al diputado de Carreteras, Isidro Prieto.<\/p>\n","protected":false},"excerpt":{"rendered":"<div class=\"mh-excerpt\">Como adelant\u00f3 este semanario en su edici\u00f3n impresa, fuentes de la Diputaci\u00f3n de Valencia han confirmado que ya se ha iniciado el expediente de expropiaci\u00f3n que permitir\u00e1 acometer la mejora integral de la CV425 que <a class=\"mh-excerpt-more\" href=\"https:\/\/www.tucomarca.com\/wordpress\/segunda\/diputacion-inicia-el-expediente-de-expropiacion-para-acometer-la-mejora-integral-de-la-cv425\/\" title=\"Diputaci\u00f3n inicia el expediente de expropiaci\u00f3n para acometer la mejora integral de la CV425\">[+] <\/a><\/div>\n","protected":false},"author":2,"featured_media":0,"comment_status":"open","ping_status":"open","sticky":false,"template":"","format":"standard","meta":{"footnotes":""},"categories":[128,8,10,3],"tags":[10386,10385,6854,204,3493,6855,10382],"class_list":{"0":"post-33636","1":"post","2":"type-post","3":"status-publish","4":"format-standard","6":"category-infraestructuras","7":"category-la-comarca","8":"category-la-hoya","9":"category-seccion","10":"tag-alborache","11":"tag-bunol","12":"tag-cv425","13":"tag-diputacion","14":"tag-expediente","15":"tag-expropiacion","16":"tag-macastre"},"_links":{"self":[{"href":"https:\/\/www.tucomarca.com\/wordpress\/segunda\/wp-json\/wp\/v2\/posts\/33636","targetHints":{"allow":["GET"]}}],"collection":[{"href":"https:\/\/www.tucomarca.com\/wordpress\/segunda\/wp-json\/wp\/v2\/posts"}],"about":[{"href":"https:\/\/www.tucomarca.com\/wordpress\/segunda\/wp-json\/wp\/v2\/types\/post"}],"author":[{"embeddable":true,"href":"https:\/\/www.tucomarca.com\/wordpress\/segunda\/wp-json\/wp\/v2\/users\/2"}],"replies":[{"embeddable":true,"href":"https:\/\/www.tucomarca.com\/wordpress\/segunda\/wp-json\/wp\/v2\/comments?post=33636"}],"version-history":[{"count":0,"href":"https:\/\/www.tucomarca.com\/wordpress\/segunda\/wp-json\/wp\/v2\/posts\/33636\/revisions"}],"wp:attachment":[{"href":"https:\/\/www.tucomarca.com\/wordpress\/segunda\/wp-json\/wp\/v2\/media?parent=33636"}],"wp:term":[{"taxonomy":"category","embeddable":true,"href":"https:\/\/www.tucomarca.com\/wordpress\/segunda\/wp-json\/wp\/v2\/categories?post=33636"},{"taxonomy":"post_tag","embeddable":true,"href":"https:\/\/www.tucomarca.com\/wordpress\/segunda\/wp-json\/wp\/v2\/tags?post=33636"}],"curies":[{"name":"wp","href":"https:\/\/api.w.org\/{rel}","templated":true}]}}