{"id":33640,"date":"2015-01-29T11:53:40","date_gmt":"2015-01-29T08:53:40","guid":{"rendered":"http:\/\/www.tucomarca.com\/wordpress\/segunda\/?p=33640"},"modified":"2015-01-29T11:53:40","modified_gmt":"2015-01-29T08:53:40","slug":"la-agrupacion-de-electores-de-bunol-que-ampara-podemos-concurrira-a-las-municipales-de-mayo-con-el-nombre-votamos-bunol","status":"publish","type":"post","link":"https:\/\/www.tucomarca.com\/wordpress\/segunda\/la-agrupacion-de-electores-de-bunol-que-ampara-podemos-concurrira-a-las-municipales-de-mayo-con-el-nombre-votamos-bunol\/","title":{"rendered":"La agrupaci\u00f3n de electores de Bu\u00f1ol que ampara Podemos concurrir\u00e1 a las municipales de mayo con el nombre \u00abVotamos Bu\u00f1ol\u00bb"},"content":{"rendered":"<p>Como adelant\u00f3 este semanario en su edici\u00f3n impresa, la agrupaci\u00f3n de electores creada recientemente en Bu\u00f1ol ya tiene nombre: \u00abVotamos Bu\u00f1ol\u00bb. Bajo este ep\u00edgrafe se unen aquellos vecinos de la poblaci\u00f3n que apuestan por una nueva forma de ejercer la acci\u00f3n pol\u00edtica y que consideran necesario un cambio de modelo, as\u00ed como de prioridades, en el consistorio municipal.<br \/>\nCerca de medio centenar de personas se citaron en la reuni\u00f3n de trabajo celebrada en el antiguo instituto de Secundaria (IES) y en la que se sometieron a votaci\u00f3n un total de nueve propuestas, resultando elegida la citada anteriormente.<br \/>\nAl margen del nombre, los asistentes a esta cita dieron el visto bueno al logotipo que representar\u00e1 a la formaci\u00f3n vecinal, as\u00ed como a la puesta en marcha del  blog (votamosbunyol.blogspot.com) en el que se ofrecer\u00e1 cumplida informaci\u00f3n; tanto de los pasos dados como de los que quedan por dar en los pr\u00f3ximos meses. Todo eso sin olvidar la puesta en marcha de un correo electr\u00f3nico, concretamente votamosbunyol@gmail.com, en el que se recoger\u00e1n las sugerencias y propuestas vecinales.<br \/>\nOtra de las decisiones importantes ha sido la creaci\u00f3n de cuatro grandes \u00e1reas de trabajo: Finanzas, Comunicaci\u00f3n y difusi\u00f3n, Programa electoral y Elecciones primarias. En cada una de ellas se ha comenzado a trabajar a fin de cumplir con los objetivos y plazos fijados por Podemos de cara a los comicios del 24 de mayo.<br \/>\nLa elaboraci\u00f3n de listas abiertas, la participaci\u00f3n ciudadana y la suma de ideas en la elaboraci\u00f3n del programa electoral son aspectos considerados innegociables por la citada agrupaci\u00f3n.<\/p>\n","protected":false},"excerpt":{"rendered":"<div class=\"mh-excerpt\">Como adelant\u00f3 este semanario en su edici\u00f3n impresa, la agrupaci\u00f3n de electores creada recientemente en Bu\u00f1ol ya tiene nombre: \u00abVotamos Bu\u00f1ol\u00bb. Bajo este ep\u00edgrafe se unen aquellos vecinos de la poblaci\u00f3n que apuestan por una <a class=\"mh-excerpt-more\" href=\"https:\/\/www.tucomarca.com\/wordpress\/segunda\/la-agrupacion-de-electores-de-bunol-que-ampara-podemos-concurrira-a-las-municipales-de-mayo-con-el-nombre-votamos-bunol\/\" title=\"La agrupaci\u00f3n de electores de Bu\u00f1ol que ampara Podemos concurrir\u00e1 a las municipales de mayo con el nombre \u00abVotamos Bu\u00f1ol\u00bb\">[+] <\/a><\/div>\n","protected":false},"author":2,"featured_media":0,"comment_status":"open","ping_status":"open","sticky":false,"template":"","format":"standard","meta":{"footnotes":""},"categories":[18,8,10,3],"tags":[6803,10385,6804,5018,6859],"class_list":{"0":"post-33640","1":"post","2":"type-post","3":"status-publish","4":"format-standard","6":"category-bunol","7":"category-la-comarca","8":"category-la-hoya","9":"category-seccion","10":"tag-agrupacion","11":"tag-bunol","12":"tag-electores","13":"tag-podemos","14":"tag-votamos-bunol"},"_links":{"self":[{"href":"https:\/\/www.tucomarca.com\/wordpress\/segunda\/wp-json\/wp\/v2\/posts\/33640","targetHints":{"allow":["GET"]}}],"collection":[{"href":"https:\/\/www.tucomarca.com\/wordpress\/segunda\/wp-json\/wp\/v2\/posts"}],"about":[{"href":"https:\/\/www.tucomarca.com\/wordpress\/segunda\/wp-json\/wp\/v2\/types\/post"}],"author":[{"embeddable":true,"href":"https:\/\/www.tucomarca.com\/wordpress\/segunda\/wp-json\/wp\/v2\/users\/2"}],"replies":[{"embeddable":true,"href":"https:\/\/www.tucomarca.com\/wordpress\/segunda\/wp-json\/wp\/v2\/comments?post=33640"}],"version-history":[{"count":0,"href":"https:\/\/www.tucomarca.com\/wordpress\/segunda\/wp-json\/wp\/v2\/posts\/33640\/revisions"}],"wp:attachment":[{"href":"https:\/\/www.tucomarca.com\/wordpress\/segunda\/wp-json\/wp\/v2\/media?parent=33640"}],"wp:term":[{"taxonomy":"category","embeddable":true,"href":"https:\/\/www.tucomarca.com\/wordpress\/segunda\/wp-json\/wp\/v2\/categories?post=33640"},{"taxonomy":"post_tag","embeddable":true,"href":"https:\/\/www.tucomarca.com\/wordpress\/segunda\/wp-json\/wp\/v2\/tags?post=33640"}],"curies":[{"name":"wp","href":"https:\/\/api.w.org\/{rel}","templated":true}]}}