{"id":33647,"date":"2015-01-29T12:09:47","date_gmt":"2015-01-29T09:09:47","guid":{"rendered":"http:\/\/www.tucomarca.com\/wordpress\/segunda\/?p=33647"},"modified":"2015-01-29T12:09:47","modified_gmt":"2015-01-29T09:09:47","slug":"el-pp-de-chiva-califica-como-batacazo-el-ultimo-reves-judicial-sufrido-por-el-psoe-local","status":"publish","type":"post","link":"https:\/\/www.tucomarca.com\/wordpress\/segunda\/el-pp-de-chiva-califica-como-batacazo-el-ultimo-reves-judicial-sufrido-por-el-psoe-local\/","title":{"rendered":"El PP de Chiva califica como \u00abbatacazo\u00bb el \u00faltimo rev\u00e9s judicial sufrido por el PSOE local"},"content":{"rendered":"<p>Seg\u00fan se inform\u00f3 desde el Partido Popular de Chiva en la edici\u00f3n impresa de este semanario, el Juzgado de lo Contencioso-Administrativo n\u00famero 10 de Valencia ha desestimado la demanda formulada por los concejales del Partido Socialista de Chiva, Gonzalo Guill\u00e9n, Vicente Casanova, Yolanda Mart\u00ednez, Cristina Su\u00e1rez y Mar\u00eda Dolores Juli\u00e1n, contra el Ayuntamiento por, supuestamente, haber vulnerado su derecho fundamental a la participaci\u00f3n pol\u00edtica.<br \/>\nComo recuerdan los populares, los hechos se remontan al 3 de julio de 2014, \u00abfecha en la que los socialistas impugnaron el pleno convocado en sesi\u00f3n extraordinaria y urgente, alegando dos motivos principales: por un lado, la convocatoria con tiempo insuficiente para el examen de la documentaci\u00f3n relativa a los acuerdos a adoptar, que impidi\u00f3 la adecuada participaci\u00f3n de los demandantes en los asuntos p\u00fablicos y, en segundo lugar, que no exist\u00eda la supuesta urgencia invocada por el alcalde para la sesi\u00f3n convocada\u00bb.<br \/>\nExaminando el transcurso de los acontecimientos, la Fiscal\u00eda ha determinado \u2014seg\u00fan han informado desde el PP\u2014 que la documentaci\u00f3n del pleno estuvo a disposici\u00f3n de los interesados durante los dos d\u00edas anteriores, no existiendo vulneraci\u00f3n de derecho fundamental alguna.<br \/>\nLa sentencia recoge que existi\u00f3 una convocatoria de sesi\u00f3n extraordinaria realizada el d\u00eda 30 de junio de 2014 (lunes) a las 14,41 horas para su celebraci\u00f3n el 3 de julio (jueves)  a las 9,35 horas, con la puesta a disposici\u00f3n de los demandantes de la documentaci\u00f3n oportuna, cumpliendo as\u00ed con el plazo de dos d\u00edas h\u00e1biles exigido legalmente.<br \/>\nPor lo tanto, el juez no s\u00f3lo ha desestimado el recurso formulado por los socialistas de Chiva, al no vulnerar el acto impugnado el derecho fundamental a la participaci\u00f3n en los asuntos p\u00fablicos de los demandantes, sino que adem\u00e1s se les obliga a pagar las costas causadas por dicha demanda, y que ascienden a 350 euros.<br \/>\n\u00abDesde el Partido Popular aplaudimos esta resoluci\u00f3n porque, una vez m\u00e1s, pone de manifiesto cu\u00e1les son las intenciones con las que el Partido Socialista de Chiva ha trabajado durante toda esta legislatura: intentando judicializar la vida pol\u00edtica con demandas sin fundamento en lugar de trabajar para aportar ideas que contribuyan a mejorar la calidad de vida de nuestros vecinos\u00bb, tal como han a\u00f1adido fuentes del Partido Popular chivano.<\/p>\n","protected":false},"excerpt":{"rendered":"<div class=\"mh-excerpt\">Seg\u00fan se inform\u00f3 desde el Partido Popular de Chiva en la edici\u00f3n impresa de este semanario, el Juzgado de lo Contencioso-Administrativo n\u00famero 10 de Valencia ha desestimado la demanda formulada por los concejales del Partido <a class=\"mh-excerpt-more\" href=\"https:\/\/www.tucomarca.com\/wordpress\/segunda\/el-pp-de-chiva-califica-como-batacazo-el-ultimo-reves-judicial-sufrido-por-el-psoe-local\/\" title=\"El PP de Chiva califica como \u00abbatacazo\u00bb el \u00faltimo rev\u00e9s judicial sufrido por el PSOE local\">[+] <\/a><\/div>\n","protected":false},"author":2,"featured_media":0,"comment_status":"open","ping_status":"open","sticky":false,"template":"","format":"standard","meta":{"footnotes":""},"categories":[16,8,10,142,3],"tags":[6862,10384,6863,584,63,62],"class_list":{"0":"post-33647","1":"post","2":"type-post","3":"status-publish","4":"format-standard","6":"category-chiva","7":"category-la-comarca","8":"category-la-hoya","9":"category-politica-la-comarca","10":"category-seccion","11":"tag-batacazo","12":"tag-chiva","13":"tag-judicial","14":"tag-pleno","15":"tag-pp","16":"tag-psoe"},"_links":{"self":[{"href":"https:\/\/www.tucomarca.com\/wordpress\/segunda\/wp-json\/wp\/v2\/posts\/33647","targetHints":{"allow":["GET"]}}],"collection":[{"href":"https:\/\/www.tucomarca.com\/wordpress\/segunda\/wp-json\/wp\/v2\/posts"}],"about":[{"href":"https:\/\/www.tucomarca.com\/wordpress\/segunda\/wp-json\/wp\/v2\/types\/post"}],"author":[{"embeddable":true,"href":"https:\/\/www.tucomarca.com\/wordpress\/segunda\/wp-json\/wp\/v2\/users\/2"}],"replies":[{"embeddable":true,"href":"https:\/\/www.tucomarca.com\/wordpress\/segunda\/wp-json\/wp\/v2\/comments?post=33647"}],"version-history":[{"count":0,"href":"https:\/\/www.tucomarca.com\/wordpress\/segunda\/wp-json\/wp\/v2\/posts\/33647\/revisions"}],"wp:attachment":[{"href":"https:\/\/www.tucomarca.com\/wordpress\/segunda\/wp-json\/wp\/v2\/media?parent=33647"}],"wp:term":[{"taxonomy":"category","embeddable":true,"href":"https:\/\/www.tucomarca.com\/wordpress\/segunda\/wp-json\/wp\/v2\/categories?post=33647"},{"taxonomy":"post_tag","embeddable":true,"href":"https:\/\/www.tucomarca.com\/wordpress\/segunda\/wp-json\/wp\/v2\/tags?post=33647"}],"curies":[{"name":"wp","href":"https:\/\/api.w.org\/{rel}","templated":true}]}}