{"id":3365,"date":"2012-06-12T20:43:58","date_gmt":"2012-06-12T18:43:58","guid":{"rendered":"http:\/\/www.tucomarca.com\/wordpress\/segunda\/?p=3365"},"modified":"2012-06-12T20:43:58","modified_gmt":"2012-06-12T18:43:58","slug":"el-patronato-provincial-de-turismo-promocionara-la-ruta-senderista-bernardina-de-alzira","status":"publish","type":"post","link":"https:\/\/www.tucomarca.com\/wordpress\/segunda\/el-patronato-provincial-de-turismo-promocionara-la-ruta-senderista-bernardina-de-alzira\/","title":{"rendered":"El Patronato Provincial de Turismo promocionar\u00e1 la ruta senderista Bernardina de Alzira"},"content":{"rendered":"<figure id=\"attachment_3366\" aria-describedby=\"caption-attachment-3366\" style=\"width: 300px\" class=\"wp-caption alignleft\"><a href=\"https:\/\/www.tucomarca.com\/wordpress\/segunda\/wp-content\/uploads\/2012\/06\/BastidasSanjuan.jpg\"><img loading=\"lazy\" decoding=\"async\" class=\"size-medium wp-image-3366\" title=\"BastidasSanjuan\" src=\"https:\/\/www.tucomarca.com\/wordpress\/segunda\/wp-content\/uploads\/2012\/06\/BastidasSanjuan-300x201.jpg\" alt=\"Un momento de la firma entre la alcaldesa de Alzira y Ernesto Sanju\u00e1n.\" width=\"300\" height=\"201\" srcset=\"https:\/\/www.tucomarca.com\/wordpress\/segunda\/wp-content\/uploads\/2012\/06\/BastidasSanjuan-300x201.jpg 300w, https:\/\/www.tucomarca.com\/wordpress\/segunda\/wp-content\/uploads\/2012\/06\/BastidasSanjuan.jpg 425w\" sizes=\"auto, (max-width: 300px) 100vw, 300px\" \/><\/a><figcaption id=\"caption-attachment-3366\" class=\"wp-caption-text\">Un momento de la firma entre la alcaldesa de Alzira y Ernesto Sanju\u00e1n.<\/figcaption><\/figure>\n<p>El diputado de Turismo, Ernesto Sanju\u00e1n, y la alcaldesa de Alzira, Elena Bastidas, han firmado este marte por la ma\u00f1ana un convenio de colaboraci\u00f3n con el objetivo de mejorar, ampliar y divulgar la ruta Bernardina de Alzira.<br \/>\nErnesto Sanju\u00e1n ha destacado la importancia de este convenio \u201cque impulsa una ruta tur\u00edstica y que beneficia a varios municipios de la comarca de La Ribera Alta dando a conocer un nuevo recurso tur\u00edstico a los visitantes y turistas de la zona\u201d.<\/p>\n<p>\u201cDesde el Patronato Provincial de Turismo no hemos dudado en colaborar en la promoci\u00f3n de la ruta Bernardina, ya que se trata de una iniciativa que potencia el turismo de la comarca y de toda la provincia, ofreciendo un nuevo e interesante producto tur\u00edstico para los turistas\u201d, ha destacado el diputado de Turismo.<\/p>\n<p>Por su parte, Elena Bastidas, ha subrayado que \u201cdesde el Ayuntamiento de Alzira estamos muy ilusionados con este proyecto, que permite la vertebraci\u00f3n de la comarca de la Ribera Alta, ya que esta iniciativa une y hermana a cinco municipios de la comarca y, al mismo tiempo, ayuda a potenciar valores intr\u00ednsecamente valencianos como nuestro patrimonio, nuestro clima y nuestras naranjas\u201d.<\/p>\n<p>\u201cGracias a la puesta en marcha de la Ruta Bernardina, con la ayuda de la Diputaci\u00f3n de Valencia, numerosos habitantes de la provincia de Valencia y visitantes de fuera de nuestras comarcas se interesar\u00e1n por conocer toda la riqueza medioambiental y tur\u00edstica de la Ribera Alta\u201d, ha a\u00f1adido la alcaldesa de Alzira.<\/p>\n<p><strong>Una ruta de 15 kil\u00f3metros<\/strong><\/p>\n<p>La ruta senderista une las poblaciones de Carlet y Alzira en torno a la figura de su patr\u00f3n, Sant Bernat. Se trata de un itinerario de 15 kil\u00f3metros, que recorre los principales atractivos tur\u00edsticos e hist\u00f3ricos de los municipios de Carlet, Benimodo, L\u2019Alc\u00fadia, Guadassuar y Alzira.<\/p>\n<p>La ruta se inicia en la Ermita de Sant Bernat, situada en la partida de Pintarrafes, en las cercan\u00edas de Carlet y discurre por Carlet, donde se puede visitar la iglesia de la Asunci\u00f3n, la Capella de la Mare de D\u00e9u del Rosari, la Font Blanca y el paraje Natural dels Pinets.<\/p>\n<p>El itinerario contin\u00faa hacia Benimodo, donde se encuentra la parroquia de la Inmaculada, el Motor de Reg, el paraje del Barranc, les Coves del Truig y el paraje dels Ullals. A continuaci\u00f3n, se llega a L\u2019Alc\u00fadia para visitar la parroquia de San Andr\u00e9s Ap\u00f3stol, el acueducto de Santa B\u00e1rbara y la S\u00e8nia de Sant Antoni.<\/p>\n<p>Guadassuar ofrece un recorrido por la iglesia de Sant Vicent M\u00e0rtir, la ermita de Sant Roc, la Casa de la Pedra, la plaza del Ravalet y la S\u00e8quia Reial del X\u00faquer. La ruta pasa tambi\u00e9n por la ermita de los Santos Patronos, Pileta y Sequer de Sant Bernat para finalizar en Alzira, donde se puede visitar el Barrio de la Vila con estrechas calles y edificios hist\u00f3ricos como la sede del MUMA, la casa Consistorial y la iglesia de Santa Catalina.<br \/>\nToda la informaci\u00f3n sobre la ruta se puede encontrar en <a href=\"http:\/\/www.alzira.es\" target=\"_blank\">www.alzira.es<\/a>.<\/p>\n","protected":false},"excerpt":{"rendered":"<div class=\"mh-excerpt\">El diputado de Turismo, Ernesto Sanju\u00e1n, y la alcaldesa de Alzira, Elena Bastidas, han firmado este marte por la ma\u00f1ana un convenio de colaboraci\u00f3n con el objetivo de mejorar, ampliar y divulgar la ruta Bernardina <a class=\"mh-excerpt-more\" href=\"https:\/\/www.tucomarca.com\/wordpress\/segunda\/el-patronato-provincial-de-turismo-promocionara-la-ruta-senderista-bernardina-de-alzira\/\" title=\"El Patronato Provincial de Turismo promocionar\u00e1 la ruta senderista Bernardina de Alzira\">[+] <\/a><\/div>\n","protected":false},"author":1,"featured_media":3366,"comment_status":"open","ping_status":"open","sticky":false,"template":"","format":"standard","meta":{"footnotes":""},"categories":[69,277,291,143,128,292,8,42,3],"tags":[],"class_list":{"0":"post-3365","1":"post","2":"type-post","3":"status-publish","4":"format-standard","5":"has-post-thumbnail","7":"category-alzira","8":"category-benimodo","9":"category-carlet","10":"category-guadassuar","11":"category-infraestructuras","12":"category-lalcudia","13":"category-la-comarca","14":"category-la-ribera","15":"category-seccion"},"_links":{"self":[{"href":"https:\/\/www.tucomarca.com\/wordpress\/segunda\/wp-json\/wp\/v2\/posts\/3365","targetHints":{"allow":["GET"]}}],"collection":[{"href":"https:\/\/www.tucomarca.com\/wordpress\/segunda\/wp-json\/wp\/v2\/posts"}],"about":[{"href":"https:\/\/www.tucomarca.com\/wordpress\/segunda\/wp-json\/wp\/v2\/types\/post"}],"author":[{"embeddable":true,"href":"https:\/\/www.tucomarca.com\/wordpress\/segunda\/wp-json\/wp\/v2\/users\/1"}],"replies":[{"embeddable":true,"href":"https:\/\/www.tucomarca.com\/wordpress\/segunda\/wp-json\/wp\/v2\/comments?post=3365"}],"version-history":[{"count":0,"href":"https:\/\/www.tucomarca.com\/wordpress\/segunda\/wp-json\/wp\/v2\/posts\/3365\/revisions"}],"wp:featuredmedia":[{"embeddable":true,"href":"https:\/\/www.tucomarca.com\/wordpress\/segunda\/wp-json\/wp\/v2\/media\/3366"}],"wp:attachment":[{"href":"https:\/\/www.tucomarca.com\/wordpress\/segunda\/wp-json\/wp\/v2\/media?parent=3365"}],"wp:term":[{"taxonomy":"category","embeddable":true,"href":"https:\/\/www.tucomarca.com\/wordpress\/segunda\/wp-json\/wp\/v2\/categories?post=3365"},{"taxonomy":"post_tag","embeddable":true,"href":"https:\/\/www.tucomarca.com\/wordpress\/segunda\/wp-json\/wp\/v2\/tags?post=3365"}],"curies":[{"name":"wp","href":"https:\/\/api.w.org\/{rel}","templated":true}]}}