{"id":33650,"date":"2015-01-29T12:17:15","date_gmt":"2015-01-29T09:17:15","guid":{"rendered":"http:\/\/www.tucomarca.com\/wordpress\/segunda\/?p=33650"},"modified":"2015-01-29T12:17:19","modified_gmt":"2015-01-29T09:17:19","slug":"el-partido-socialista-de-cortes-de-pallas-elige-a-fernando-navarro-como-candidato-a-la-alcaldia","status":"publish","type":"post","link":"https:\/\/www.tucomarca.com\/wordpress\/segunda\/el-partido-socialista-de-cortes-de-pallas-elige-a-fernando-navarro-como-candidato-a-la-alcaldia\/","title":{"rendered":"El Partido Socialista de Cortes de Pall\u00e1s elige a Fernando Navarro como candidato a la alcald\u00eda"},"content":{"rendered":"<p><figure id=\"attachment_33651\" aria-describedby=\"caption-attachment-33651\" style=\"width: 300px\" class=\"wp-caption alignleft\"><a href=\"https:\/\/www.tucomarca.com\/wordpress\/segunda\/2015\/01\/el-partido-socialista-de-cortes-de-pallas-elige-a-fernando-navarro-como-candidato-a-la-alcaldia\/psoecortes\/\" rel=\"attachment wp-att-33651\"><img loading=\"lazy\" decoding=\"async\" src=\"https:\/\/www.tucomarca.com\/wordpress\/segunda\/wp-content\/uploads\/2015\/01\/psoecortes-300x234.jpg\" alt=\"\" title=\"psoecortes\" width=\"300\" height=\"234\" class=\"size-medium wp-image-33651\" srcset=\"https:\/\/www.tucomarca.com\/wordpress\/segunda\/wp-content\/uploads\/2015\/01\/psoecortes-300x234.jpg 300w, https:\/\/www.tucomarca.com\/wordpress\/segunda\/wp-content\/uploads\/2015\/01\/psoecortes.jpg 504w\" sizes=\"auto, (max-width: 300px) 100vw, 300px\" \/><\/a><figcaption id=\"caption-attachment-33651\" class=\"wp-caption-text\">Fernando Navarro, candidato del PSOE en Cortes. tc.c<\/figcaption><\/figure>Tal como public\u00f3 este semanario en su edici\u00f3n impresa, el Partido Socialista ha apostado por Fernando Navarro como candidato a la alcald\u00eda de Cortes de Pall\u00e1s. Como se ha confirmado, el cabeza de lista no ha tenido vinculaci\u00f3n alguna con la pol\u00edtica hasta la fecha y encarna la l\u00ednea hde consenso que impera en estos momentos en la formaci\u00f3n.<br \/>\nLa apuesta del Partido Socialista busca recuperar la confianza ciudadana a fin de conseguir un gobierno de izquierdas en el municipio a partir del pr\u00f3ximo mes de junio.<br \/>\nFernando Navarro ha declarado a este semanario que ha decido participar en pol\u00edtica \u2014en calidad de independiente\u2014 \u00abdebido a la situaci\u00f3n en la que se encuentra actualmente el pueblo\u00bb, seg\u00fan ha dicho.<br \/>\n\u00abNuestra idea es conseguir que los vecinos participen en la gesti\u00f3n y en la vida pol\u00edtica de Cortes. Hay que lograr que se implique el mayor n\u00famero de personas en el d\u00eda a d\u00eda del Ayuntamiento, pues vamos a tratar de que sea un ente abierto. El fin \u00faltimo es lograr una gesti\u00f3n colegiada\u00bb, como ha reconocido.<br \/>\n Temas como el empleo, la gesti\u00f3n econ\u00f3mica y la promoci\u00f3n de Cortes como lugar en el que residir son  aspectos que ha destacado Navarro en declaraciones a este semanario.<br \/>\nSeg\u00fan ha podido saber tucomarca.com, el pr\u00f3ximo candidato del PSOE de Cortes de Pall\u00e1s ha visitado la aldea de El Oro  a fin de presentarse casa por casa a los vecinos, algo que har\u00e1 tambi\u00e9n en el resto n\u00facleos urbanos, entre ellos Cortes de Pall\u00e1s.<br \/>\nAunque reconoce que los integrantes de la candidatura, especialmente quienes ocupar\u00e1n los puestos de cabeza, est\u00e1n pr\u00e1cticamente definidos, ha confesado que la lista no est\u00e1 todav\u00eda cerrada, de ah\u00ed que no se haya hecho p\u00fablica. <\/p>\n","protected":false},"excerpt":{"rendered":"<div class=\"mh-excerpt\">Tal como public\u00f3 este semanario en su edici\u00f3n impresa, el Partido Socialista ha apostado por Fernando Navarro como candidato a la alcald\u00eda de Cortes de Pall\u00e1s. Como se ha confirmado, el cabeza de lista no <a class=\"mh-excerpt-more\" href=\"https:\/\/www.tucomarca.com\/wordpress\/segunda\/el-partido-socialista-de-cortes-de-pallas-elige-a-fernando-navarro-como-candidato-a-la-alcaldia\/\" title=\"El Partido Socialista de Cortes de Pall\u00e1s elige a Fernando Navarro como candidato a la alcald\u00eda\">[+] <\/a><\/div>\n","protected":false},"author":2,"featured_media":0,"comment_status":"open","ping_status":"open","sticky":false,"template":"","format":"standard","meta":{"footnotes":""},"categories":[38,40,8,10,142,3],"tags":[5688,477,6864,1589,62],"class_list":{"0":"post-33650","1":"post","2":"type-post","3":"status-publish","4":"format-standard","6":"category-ayora-cofrentes","7":"category-cortes-de-pallas","8":"category-la-comarca","9":"category-la-hoya","10":"category-politica-la-comarca","11":"category-seccion","12":"tag-candidato","13":"tag-cortes","14":"tag-fernando-navarro","15":"tag-municipales","16":"tag-psoe"},"_links":{"self":[{"href":"https:\/\/www.tucomarca.com\/wordpress\/segunda\/wp-json\/wp\/v2\/posts\/33650","targetHints":{"allow":["GET"]}}],"collection":[{"href":"https:\/\/www.tucomarca.com\/wordpress\/segunda\/wp-json\/wp\/v2\/posts"}],"about":[{"href":"https:\/\/www.tucomarca.com\/wordpress\/segunda\/wp-json\/wp\/v2\/types\/post"}],"author":[{"embeddable":true,"href":"https:\/\/www.tucomarca.com\/wordpress\/segunda\/wp-json\/wp\/v2\/users\/2"}],"replies":[{"embeddable":true,"href":"https:\/\/www.tucomarca.com\/wordpress\/segunda\/wp-json\/wp\/v2\/comments?post=33650"}],"version-history":[{"count":0,"href":"https:\/\/www.tucomarca.com\/wordpress\/segunda\/wp-json\/wp\/v2\/posts\/33650\/revisions"}],"wp:attachment":[{"href":"https:\/\/www.tucomarca.com\/wordpress\/segunda\/wp-json\/wp\/v2\/media?parent=33650"}],"wp:term":[{"taxonomy":"category","embeddable":true,"href":"https:\/\/www.tucomarca.com\/wordpress\/segunda\/wp-json\/wp\/v2\/categories?post=33650"},{"taxonomy":"post_tag","embeddable":true,"href":"https:\/\/www.tucomarca.com\/wordpress\/segunda\/wp-json\/wp\/v2\/tags?post=33650"}],"curies":[{"name":"wp","href":"https:\/\/api.w.org\/{rel}","templated":true}]}}