{"id":33660,"date":"2015-01-29T16:42:27","date_gmt":"2015-01-29T13:42:27","guid":{"rendered":"http:\/\/www.tucomarca.com\/wordpress\/segunda\/?p=33660"},"modified":"2015-01-29T16:42:27","modified_gmt":"2015-01-29T13:42:27","slug":"decretado-el-nivel-3-de-preemergencia-riesgo-maximo-de-incendios-forestales-en-la-comunitat","status":"publish","type":"post","link":"https:\/\/www.tucomarca.com\/wordpress\/segunda\/decretado-el-nivel-3-de-preemergencia-riesgo-maximo-de-incendios-forestales-en-la-comunitat\/","title":{"rendered":"Decretado el Nivel 3 de preemergencia, riesgo m\u00e1ximo de incendios forestales, en la Comunitat"},"content":{"rendered":"<p>La Conselleria de Gobernaci\u00f3n y Justicia, a trav\u00e9s del Centro de Coordinaci\u00f3n de Emergencias, decreta hoy jueves, 29 de enero, el Nivel 3 de preemergencia, riesgo m\u00e1ximo de incendios forestales, en toda la Comunitat Valenciana.<\/p>\n<p>La Agencia Estatal de Meteorolog\u00eda (AEMET) espera para esta jornada \u00abcielo poco nuboso. Temperaturas m\u00ednimas con pocos cambios y las m\u00e1ximas en descenso en general de entre 1 y 2 grados. Alguna helada d\u00e9bil en puntos del interior. En el norte de Castell\u00f3n viento del noroeste moderado, con intervalos de fuerte al principio, disminuyendo al final. En el resto viento de componente oeste flojo tendiendo por la tarde a variable.<\/p>\n<p>La Conselleria de Gobernaci\u00f3n y Justicia recuerda que el Nivel 3 de preemergencia o riesgo m\u00e1ximo de incendios forestales supone la prohibici\u00f3n de realizar cualquier tipo de fuego, incluso en las zonas recreativas autorizadas y habilitadas al efecto.<\/p>\n<p>Ante esta situaci\u00f3n, el CCE mantiene contacto directo con todos los ayuntamientos y organismos de emergencia afectados con el fin de informarles de la situaci\u00f3n y evoluci\u00f3n de la preemergencia prevista para el d\u00eda hoy. Los efectivos que conforman el Plan Especial ante el riesgo de incendios forestales de la Comunitat se encuentran en m\u00e1xima alerta por si es necesaria su intervenci\u00f3n.<\/p>\n<p>Por \u00faltimo, el CCE y la Conselleria de Gobernaci\u00f3n y Justicia hacen un llamamiento a la prudencia de la sociedad en general para evitar, en la medida de lo posible, posibles incendios forestales y a respetar y cumplir en todo momento las normas que se derivan de decretar preemergencia por riesgo de incendios forestales.<\/p>\n<p>Consejos a la poblaci\u00f3n sobre incendios forestales<\/p>\n<p>&#8211; No encender fuego bajo ning\u00fan concepto<\/p>\n<p>&#8211; No fumar mientras se camina por el monte, ni arrojar, en ning\u00fan concepto, colillas o f\u00f3sforos desde veh\u00edculos.<\/p>\n<p>&#8211; No utilizar artefactos o material explosivo como petardos, masclets, carcasas, etc.<\/p>\n<p>&#8211; Nunca arrojar basuras, depositarlas en el contenedor del municipio m\u00e1s cercano.<\/p>\n<p>&#8211; En el monte o en sus inmediaciones nunca arrojar artefactos o material explosivo como petardos, masclets, carcasas, etc., ni utilizar sin autorizaci\u00f3n herramientas o motores que puedan producir una chispa o un fuego.<\/p>\n<p>&#8211; Si detecta un incendio, comun\u00edquelo inmediatamente al tel\u00e9fono 112 Comunitat Valenciana, sin pensar que alguien lo habr\u00e1 hecho ya o dar aviso a las autoridades m\u00e1s cercanas.<\/p>\n<p>&#8211; En caso de incendio, siga en todo momento las indicaciones que le sean dadas por el personal que tiene atribuidas las misiones de vigilancia y extinci\u00f3n. Est\u00e1n velando por tu seguridad e integridad f\u00edsica.<\/p>\n","protected":false},"excerpt":{"rendered":"<div class=\"mh-excerpt\">La Conselleria de Gobernaci\u00f3n y Justicia, a trav\u00e9s del Centro de Coordinaci\u00f3n de Emergencias, decreta hoy jueves, 29 de enero, el Nivel 3 de preemergencia, riesgo m\u00e1ximo de incendios forestales, en toda la Comunitat Valenciana. <a class=\"mh-excerpt-more\" href=\"https:\/\/www.tucomarca.com\/wordpress\/segunda\/decretado-el-nivel-3-de-preemergencia-riesgo-maximo-de-incendios-forestales-en-la-comunitat\/\" title=\"Decretado el Nivel 3 de preemergencia, riesgo m\u00e1ximo de incendios forestales, en la Comunitat\">[+] <\/a><\/div>\n","protected":false},"author":2,"featured_media":0,"comment_status":"open","ping_status":"open","sticky":false,"template":"","format":"standard","meta":{"footnotes":""},"categories":[8,72,10,117,3],"tags":[684,390,3248,6866,3249],"class_list":{"0":"post-33660","1":"post","2":"type-post","3":"status-publish","4":"format-standard","6":"category-la-comarca","7":"category-sin-categorizar","8":"category-la-hoya","9":"category-medio-ambiente-la-comarca","10":"category-seccion","11":"tag-comunitat","12":"tag-gobernacion","13":"tag-nivel-3","14":"tag-peemergencia","15":"tag-riesgo-incendios"},"_links":{"self":[{"href":"https:\/\/www.tucomarca.com\/wordpress\/segunda\/wp-json\/wp\/v2\/posts\/33660","targetHints":{"allow":["GET"]}}],"collection":[{"href":"https:\/\/www.tucomarca.com\/wordpress\/segunda\/wp-json\/wp\/v2\/posts"}],"about":[{"href":"https:\/\/www.tucomarca.com\/wordpress\/segunda\/wp-json\/wp\/v2\/types\/post"}],"author":[{"embeddable":true,"href":"https:\/\/www.tucomarca.com\/wordpress\/segunda\/wp-json\/wp\/v2\/users\/2"}],"replies":[{"embeddable":true,"href":"https:\/\/www.tucomarca.com\/wordpress\/segunda\/wp-json\/wp\/v2\/comments?post=33660"}],"version-history":[{"count":0,"href":"https:\/\/www.tucomarca.com\/wordpress\/segunda\/wp-json\/wp\/v2\/posts\/33660\/revisions"}],"wp:attachment":[{"href":"https:\/\/www.tucomarca.com\/wordpress\/segunda\/wp-json\/wp\/v2\/media?parent=33660"}],"wp:term":[{"taxonomy":"category","embeddable":true,"href":"https:\/\/www.tucomarca.com\/wordpress\/segunda\/wp-json\/wp\/v2\/categories?post=33660"},{"taxonomy":"post_tag","embeddable":true,"href":"https:\/\/www.tucomarca.com\/wordpress\/segunda\/wp-json\/wp\/v2\/tags?post=33660"}],"curies":[{"name":"wp","href":"https:\/\/api.w.org\/{rel}","templated":true}]}}