{"id":33670,"date":"2015-01-29T18:39:40","date_gmt":"2015-01-29T15:39:40","guid":{"rendered":"http:\/\/www.tucomarca.com\/wordpress\/segunda\/?p=33670"},"modified":"2015-01-29T18:39:40","modified_gmt":"2015-01-29T15:39:40","slug":"podemos-requena-valora-crear-una-agrupacion-de-vecinos-independiente-en-requena","status":"publish","type":"post","link":"https:\/\/www.tucomarca.com\/wordpress\/segunda\/podemos-requena-valora-crear-una-agrupacion-de-vecinos-independiente-en-requena\/","title":{"rendered":"Podemos Requena valora crear una agrupaci\u00f3n de vecinos independiente en Requena"},"content":{"rendered":"<p>Podemos convoca a todos los vecin@s de Requena y sus aldeas el pr\u00f3ximo mi\u00e9rcoles 4 de febrero, para decidir si queremos presentarnos unidos, como una agrupaci\u00f3n de vecinos independientes, a las pr\u00f3ximas elecciones municipales del mes de mayo.<br \/>\nSi queremos impedir la corrupci\u00f3n y el caciquismo, defender nuestro medio natural y urbano, abordar los problemas sociales m\u00e1s acuciantes de los vecinos y de las aldeas, revitalizar la econom\u00eda local y, en definitiva, si queremos impulsar transformaciones y defender un proyecto de ayuntamiento m\u00e1s cercano a la poblaci\u00f3n y que ponga en primer lugar los intereses de las personas, tenemos que unirnos para que se tenga en cuenta nuestra opini\u00f3n.<br \/>\nProponemos una iniciativa municipal abierta a todos los vecinos, que exija total transparencia en las cuentas, limitaci\u00f3n de sueldos y mandatos, consultas vinculantes a los vecinos y la revocaci\u00f3n inmediata de los cargos electos en caso de que act\u00faen de forma deshonesta o no pongan el bienestar de toda la poblaci\u00f3n antes que el inter\u00e9s econ\u00f3mico de unos pocos.<br \/>\nSi quieres un cambio en el rumbo de tu ayuntamiento, si est\u00e1s harto de que no se tenga en cuenta tu opini\u00f3n, y crees que se pueden hacer mejor las cosas&#8230;<br \/>\nAcude el pr\u00f3ximo mi\u00e9rcoles 4 de febrero a las 19:30h al Bar Alejo de Requena, para conseguir juntos el cambio que queremos en Requena y sus aldeas.<\/p>\n","protected":false},"excerpt":{"rendered":"<div class=\"mh-excerpt\">Podemos convoca a todos los vecin@s de Requena y sus aldeas el pr\u00f3ximo mi\u00e9rcoles 4 de febrero, para decidir si queremos presentarnos unidos, como una agrupaci\u00f3n de vecinos independientes, a las pr\u00f3ximas elecciones municipales del <a class=\"mh-excerpt-more\" href=\"https:\/\/www.tucomarca.com\/wordpress\/segunda\/podemos-requena-valora-crear-una-agrupacion-de-vecinos-independiente-en-requena\/\" title=\"Podemos Requena valora crear una agrupaci\u00f3n de vecinos independiente en Requena\">[+] <\/a><\/div>\n","protected":false},"author":2,"featured_media":0,"comment_status":"open","ping_status":"open","sticky":false,"template":"","format":"standard","meta":{"footnotes":""},"categories":[8,142,28,27,3],"tags":[6803,6630,5018,10388,967,2530],"class_list":{"0":"post-33670","1":"post","2":"type-post","3":"status-publish","4":"format-standard","6":"category-la-comarca","7":"category-politica-la-comarca","8":"category-requena","9":"category-requena-utiel","10":"category-seccion","11":"tag-agrupacion","12":"tag-independiente","13":"tag-podemos","14":"tag-requena","15":"tag-reunion","16":"tag-vecinos"},"_links":{"self":[{"href":"https:\/\/www.tucomarca.com\/wordpress\/segunda\/wp-json\/wp\/v2\/posts\/33670","targetHints":{"allow":["GET"]}}],"collection":[{"href":"https:\/\/www.tucomarca.com\/wordpress\/segunda\/wp-json\/wp\/v2\/posts"}],"about":[{"href":"https:\/\/www.tucomarca.com\/wordpress\/segunda\/wp-json\/wp\/v2\/types\/post"}],"author":[{"embeddable":true,"href":"https:\/\/www.tucomarca.com\/wordpress\/segunda\/wp-json\/wp\/v2\/users\/2"}],"replies":[{"embeddable":true,"href":"https:\/\/www.tucomarca.com\/wordpress\/segunda\/wp-json\/wp\/v2\/comments?post=33670"}],"version-history":[{"count":0,"href":"https:\/\/www.tucomarca.com\/wordpress\/segunda\/wp-json\/wp\/v2\/posts\/33670\/revisions"}],"wp:attachment":[{"href":"https:\/\/www.tucomarca.com\/wordpress\/segunda\/wp-json\/wp\/v2\/media?parent=33670"}],"wp:term":[{"taxonomy":"category","embeddable":true,"href":"https:\/\/www.tucomarca.com\/wordpress\/segunda\/wp-json\/wp\/v2\/categories?post=33670"},{"taxonomy":"post_tag","embeddable":true,"href":"https:\/\/www.tucomarca.com\/wordpress\/segunda\/wp-json\/wp\/v2\/tags?post=33670"}],"curies":[{"name":"wp","href":"https:\/\/api.w.org\/{rel}","templated":true}]}}