{"id":33672,"date":"2015-01-29T18:43:15","date_gmt":"2015-01-29T15:43:15","guid":{"rendered":"http:\/\/www.tucomarca.com\/wordpress\/segunda\/?p=33672"},"modified":"2015-01-29T18:43:15","modified_gmt":"2015-01-29T15:43:15","slug":"finalitzen-les-obres-dampliacio-de-carril-asfaltat-i-senyalitzacio-a-lavinguda-estalvis-de-benifaio","status":"publish","type":"post","link":"https:\/\/www.tucomarca.com\/wordpress\/segunda\/finalitzen-les-obres-dampliacio-de-carril-asfaltat-i-senyalitzacio-a-lavinguda-estalvis-de-benifaio\/","title":{"rendered":"Finalitzen les obres d&#8217;ampliaci\u00f3 de carril, asfaltat i senyalitzaci\u00f3 a l&#8217;Avinguda Estalvis de Benifai\u00f3"},"content":{"rendered":"<p>L&#8217;Ajuntament de Benifai\u00f3 ha finalitzat les obres d&#8217;ampliaci\u00f3 de carril, asfaltat i nova senyalitzaci\u00f3 al transitat punt d&#8217;acc\u00e9s a l&#8217;avinguda Caixa d&#8217;Estalvis i c\/Juan Ram\u00f3n Jim\u00e9nez.<\/p>\n","protected":false},"excerpt":{"rendered":"<div class=\"mh-excerpt\">L&#8217;Ajuntament de Benifai\u00f3 ha finalitzat les obres d&#8217;ampliaci\u00f3 de carril, asfaltat i nova senyalitzaci\u00f3 al transitat punt d&#8217;acc\u00e9s a l&#8217;avinguda Caixa d&#8217;Estalvis i c\/Juan Ram\u00f3n Jim\u00e9nez.<\/div>\n","protected":false},"author":2,"featured_media":0,"comment_status":"open","ping_status":"open","sticky":false,"template":"","format":"standard","meta":{"footnotes":""},"categories":[267,128,8,42,3],"tags":[6867,10460,6211],"class_list":{"0":"post-33672","1":"post","2":"type-post","3":"status-publish","4":"format-standard","6":"category-benifaio","7":"category-infraestructuras","8":"category-la-comarca","9":"category-la-ribera","10":"category-seccion","11":"tag-asfaltat","12":"tag-benifaio","13":"tag-obres"},"_links":{"self":[{"href":"https:\/\/www.tucomarca.com\/wordpress\/segunda\/wp-json\/wp\/v2\/posts\/33672","targetHints":{"allow":["GET"]}}],"collection":[{"href":"https:\/\/www.tucomarca.com\/wordpress\/segunda\/wp-json\/wp\/v2\/posts"}],"about":[{"href":"https:\/\/www.tucomarca.com\/wordpress\/segunda\/wp-json\/wp\/v2\/types\/post"}],"author":[{"embeddable":true,"href":"https:\/\/www.tucomarca.com\/wordpress\/segunda\/wp-json\/wp\/v2\/users\/2"}],"replies":[{"embeddable":true,"href":"https:\/\/www.tucomarca.com\/wordpress\/segunda\/wp-json\/wp\/v2\/comments?post=33672"}],"version-history":[{"count":0,"href":"https:\/\/www.tucomarca.com\/wordpress\/segunda\/wp-json\/wp\/v2\/posts\/33672\/revisions"}],"wp:attachment":[{"href":"https:\/\/www.tucomarca.com\/wordpress\/segunda\/wp-json\/wp\/v2\/media?parent=33672"}],"wp:term":[{"taxonomy":"category","embeddable":true,"href":"https:\/\/www.tucomarca.com\/wordpress\/segunda\/wp-json\/wp\/v2\/categories?post=33672"},{"taxonomy":"post_tag","embeddable":true,"href":"https:\/\/www.tucomarca.com\/wordpress\/segunda\/wp-json\/wp\/v2\/tags?post=33672"}],"curies":[{"name":"wp","href":"https:\/\/api.w.org\/{rel}","templated":true}]}}