{"id":33681,"date":"2015-01-29T21:02:02","date_gmt":"2015-01-29T18:02:02","guid":{"rendered":"http:\/\/www.tucomarca.com\/wordpress\/segunda\/?p=33681"},"modified":"2015-01-29T21:02:06","modified_gmt":"2015-01-29T18:02:06","slug":"rus-muestra-a-fabra-la-oferta-de-la-provincia-en-fitur","status":"publish","type":"post","link":"https:\/\/www.tucomarca.com\/wordpress\/segunda\/rus-muestra-a-fabra-la-oferta-de-la-provincia-en-fitur\/","title":{"rendered":"Rus muestra a Fabra la oferta de la provincia en Fitur"},"content":{"rendered":"<p><a href=\"https:\/\/www.tucomarca.com\/wordpress\/segunda\/2015\/01\/rus-muestra-a-fabra-la-oferta-de-la-provincia-en-fitur\/rus-fabra\/\" rel=\"attachment wp-att-33682\"><img loading=\"lazy\" decoding=\"async\" src=\"https:\/\/www.tucomarca.com\/wordpress\/segunda\/wp-content\/uploads\/2015\/01\/rus-fabra-300x173.jpg\" alt=\"\" title=\"rus-fabra\" width=\"300\" height=\"173\" class=\"alignleft size-medium wp-image-33682\" srcset=\"https:\/\/www.tucomarca.com\/wordpress\/segunda\/wp-content\/uploads\/2015\/01\/rus-fabra-300x173.jpg 300w, https:\/\/www.tucomarca.com\/wordpress\/segunda\/wp-content\/uploads\/2015\/01\/rus-fabra-1024x593.jpg 1024w\" sizes=\"auto, (max-width: 300px) 100vw, 300px\" \/><\/a>El presidente de la Diputaci\u00f3n de Valencia, Alfonso Rus, ha acompa\u00f1ado esta ma\u00f1ana al presidente de la Generalitat Valenciana, Alberto Fabra, en el d\u00eda de la Comunitat Valenciana de la Feria Internacional de Turismo (Fitur), y le ha mostrado los distintos estands de las 17 poblaciones que exhiben sus ofertas tur\u00edsticas a trav\u00e9s del Patronato Provincial de Turismo, Val\u00e8ncia, Terra i Mar.<\/p>\n<p>Fabra ha hecho el recorrido acompa\u00f1ado tambi\u00e9n por el conseller de Econom\u00eda y Turismo, M\u00e1ximo Buch, el vicepresidente del Consell, Jos\u00e9 C\u00edscar, la consellera de Educaci\u00f3n Cultura y Deportes y portavoz del Consell, Maria Jos\u00e9 Catal\u00e1, y la gran mayor\u00eda de diputados provinciales de la Diputaci\u00f3n de Valencia encabezados por el vicepresidente Juan Jos\u00e9 Medina.<\/p>\n<p>El jefe del Consell compareci\u00f3 previamente en el estand de la Comunitat Valenciana ante los medios de comunicaci\u00f3n y numerosos invitados para afirmar que \u201chemos venido a Fitur con los deberes hechos\u201d y detall\u00f3 algunas de las cifras que ha arrojado el sector tur\u00edstico en el a\u00f1o 2014 en las tres provincias valencianas, como el n\u00famero de visitantes que ha crecido un 4% m\u00e1s que el a\u00f1o pasado, hasta 23,2 millones, seis de ellos de extranjeros y el resto espa\u00f1oles.<\/p>\n<p>\u201cUn dato importante y sustancioso\u201d \u2013ha aseverado- \u201ces que el gasto de estos turistas ha crecido tambi\u00e9n un 3%, alcanzando los 5.300 millones, y ha permitido que el sector de trabajo a unas 22.000 personas\u201d<\/p>\n<p>Fabra rese\u00f1\u00f3 la colaboraci\u00f3n entre ayuntamientos, diputaciones, Generalitat y Turespa\u00f1a \u201cpara hacer m\u00e1s eficaces los esfuerzos de una forma unitaria\u201d, y tambi\u00e9n mencion\u00f3 que todas esas acciones en el extranjero \u201cconstitu\u00edan un 40% m\u00e1s que el a\u00f1o anterior\u201d.<\/p>\n<p>Ha subrayado tambi\u00e9n el gran n\u00famero de infraestructuras que permiten el desarrollo de la actividad tur\u00edstica y ha hecho referencia especialmente al aeropuerto de Castell\u00f3n, ya en funcionamiento.<\/p>\n<p>Finalmente, ha remarcado que la calidad de las playas es un atractivo importante: \u201cuna de cada cinco banderas azules de la costa espa\u00f1ola est\u00e1 en la Comunitat Valenciana\u201d.<\/p>\n<p>Promoci\u00f3n tur\u00edstica provincial<\/p>\n<p>Por su parte, el presidente de la Diputaci\u00f3n de Valencia inform\u00f3 de que el Patronato Provincial de Turismo ha firmado en 2014 un total de 134 convenios con municipios en materia de promoci\u00f3n tur\u00edstica.<\/p>\n<p>Rus se ha mostrado optimista de cara al futuro con los nuevos objetivos y la consolidaci\u00f3n de las pol\u00edticas emprendidas hasta ahora: \u201cSeguiremos apoyando a los pueblos y patrocinando todas aquellas ideas y proyectos que ayudan a la difusi\u00f3n de nuestros valores como atractivo del turismo local, nacional e internacional\u201d.<\/p>\n<p>\u201cLa provincia de Valencia tiene muchos atractivos buen clima, patrimonio y gastronom\u00eda, y cuando alguien visita nuestro territorio siempre regresa, por ello, tenemos que ponerlo en valor, y los alcaldes van a tener toda la ayuda que necesiten para conseguirlo\u201d, ha asegurado.<\/p>\n<p>En este sentido, ha recordado que la Diputaci\u00f3n de valencia ha movilizado este a\u00f1o a trav\u00e9s de las diferentes iniciativas sociales m\u00e1s de 30.000 personas, con una inversi\u00f3n de tres millones. \u201cSe han mantenido 9.000 puestos de trabajo \u201c, apunta, al tiempo que ha asegurado que se han registrado 144.000 pernoctaciones.<\/p>\n<p>Por \u00faltimo, ha asegurado que la entidad provincial \u201cva a seguir invirtiendo en infraestructuras y en turismo de interior\u201d.<\/p>\n","protected":false},"excerpt":{"rendered":"<div class=\"mh-excerpt\">El presidente de la Diputaci\u00f3n de Valencia, Alfonso Rus, ha acompa\u00f1ado esta ma\u00f1ana al presidente de la Generalitat Valenciana, Alberto Fabra, en el d\u00eda de la Comunitat Valenciana de la Feria Internacional de Turismo (Fitur), <a class=\"mh-excerpt-more\" href=\"https:\/\/www.tucomarca.com\/wordpress\/segunda\/rus-muestra-a-fabra-la-oferta-de-la-provincia-en-fitur\/\" title=\"Rus muestra a Fabra la oferta de la provincia en Fitur\">[+] <\/a><\/div>\n","protected":false},"author":2,"featured_media":33682,"comment_status":"open","ping_status":"open","sticky":false,"template":"","format":"standard","meta":{"footnotes":""},"categories":[8,72,10,3,45],"tags":[575,653,411,1230,636],"class_list":{"0":"post-33681","1":"post","2":"type-post","3":"status-publish","4":"format-standard","5":"has-post-thumbnail","7":"category-la-comarca","8":"category-sin-categorizar","9":"category-la-hoya","10":"category-seccion","11":"category-ventana","12":"tag-fabra","13":"tag-fitur","14":"tag-muestra","15":"tag-oferta","16":"tag-rus"},"_links":{"self":[{"href":"https:\/\/www.tucomarca.com\/wordpress\/segunda\/wp-json\/wp\/v2\/posts\/33681","targetHints":{"allow":["GET"]}}],"collection":[{"href":"https:\/\/www.tucomarca.com\/wordpress\/segunda\/wp-json\/wp\/v2\/posts"}],"about":[{"href":"https:\/\/www.tucomarca.com\/wordpress\/segunda\/wp-json\/wp\/v2\/types\/post"}],"author":[{"embeddable":true,"href":"https:\/\/www.tucomarca.com\/wordpress\/segunda\/wp-json\/wp\/v2\/users\/2"}],"replies":[{"embeddable":true,"href":"https:\/\/www.tucomarca.com\/wordpress\/segunda\/wp-json\/wp\/v2\/comments?post=33681"}],"version-history":[{"count":0,"href":"https:\/\/www.tucomarca.com\/wordpress\/segunda\/wp-json\/wp\/v2\/posts\/33681\/revisions"}],"wp:featuredmedia":[{"embeddable":true,"href":"https:\/\/www.tucomarca.com\/wordpress\/segunda\/wp-json\/wp\/v2\/media\/33682"}],"wp:attachment":[{"href":"https:\/\/www.tucomarca.com\/wordpress\/segunda\/wp-json\/wp\/v2\/media?parent=33681"}],"wp:term":[{"taxonomy":"category","embeddable":true,"href":"https:\/\/www.tucomarca.com\/wordpress\/segunda\/wp-json\/wp\/v2\/categories?post=33681"},{"taxonomy":"post_tag","embeddable":true,"href":"https:\/\/www.tucomarca.com\/wordpress\/segunda\/wp-json\/wp\/v2\/tags?post=33681"}],"curies":[{"name":"wp","href":"https:\/\/api.w.org\/{rel}","templated":true}]}}