{"id":33691,"date":"2015-01-30T14:18:23","date_gmt":"2015-01-30T11:18:23","guid":{"rendered":"http:\/\/www.tucomarca.com\/wordpress\/segunda\/?p=33691"},"modified":"2015-01-30T14:18:23","modified_gmt":"2015-01-30T11:18:23","slug":"gobernacion-mantiene-la-preemergencia-por-fuertes-vientos-en-valencia","status":"publish","type":"post","link":"https:\/\/www.tucomarca.com\/wordpress\/segunda\/gobernacion-mantiene-la-preemergencia-por-fuertes-vientos-en-valencia\/","title":{"rendered":"Gobernaci\u00f3n mantiene la preemergencia por fuertes vientos en Valencia"},"content":{"rendered":"<p>La Conselleria de Gobernaci\u00f3n y Justicia, a trav\u00e9s del Centro de Coordinaci\u00f3n de Emergencias (CCE), mantiene hoy viernes, 30 de enero, la Preemergencia por vientos fuertes, nivel naranja, en la provincia de Valencia, en el interior y litoral norte de la provincia de Alicante y en el interior y litoral norte de la provincia de Castell\u00f3n, ya que seg\u00fan la Agencia Estatal de Meteorolog\u00eda (AEMET) se pueden registrar rachas de m\u00e1s de 100 km\/h.<\/p>\n<p>En este sentido, AEMET prev\u00e9 para hoy \u00abcielo con intervalos nubosos, m\u00e1s abundantes en la mitad norte, donde se esperan precipitaciones en general d\u00e9biles, sobre todo en el interior. Cota de nieve entre 1.600 y 2.000 m. Temperatures en ascenso, sobre todo las m\u00ednimas. Viento de componente oeste moderado a fuerte con rachas de mas de 100 km\/h en Valencia y norte de Alicante y de m\u00e1s de 80 km\/h localmente en el resto\u00bb.<\/p>\n<p>Por este motivo, el CCE ha procedido a informar de la situaci\u00f3n de Preemergencia por vientos fuertes a los municipios de las zonas afectados. Adem\u00e1s, ha comunicado la situaci\u00f3n meteorol\u00f3gica a los organismos de emergencias y servicios p\u00fablicos para que adopten las medidas preventivas necesarias.<\/p>\n<p>Consejos frente a situaciones de fuertes vientos<\/p>\n<p>El CCE aconseja que se sigan las siguientes recomendaciones y que ante cualquier incidente originado por el viento se llame inmediatamente al tel\u00e9fono de emergencias 112.<\/p>\n<p>Revisar las viviendas que no haya cornisas, balcones y fachadas en mal estado que puedan producir ca\u00eddas de cascotes y escombros.<\/p>\n<p>Cerrar puertas y ventanas para evitar corrientes de aire que puedan llevar a la rotura y ca\u00edda de cristales.<\/p>\n<p>Asegurar elementos como los toldos, persianas y antenas. Retirar macetas, jaulas y cualquier objeto que pueda caer a la calle.<\/p>\n<p>Qu\u00e9 hacer en la calle o en el campo:<\/p>\n<p>No salgas si no es necesario.<\/p>\n<p>Al\u00e9jate de casa viejas o en mal estado.<\/p>\n<p>Evita los muros y las vallas publicitarias.<\/p>\n<p>Los \u00e1rboles ofrecen el peligro de ca\u00edda y rotura de grandes ramas.<\/p>\n<p>No transites por parques o avenidas arboladas.<\/p>\n<p>No pases por debajo de andamios o edificios en construcci\u00f3n.<\/p>\n<p>Los postes de luz y torres de alta tensi\u00f3n son muy peligrosos. Al\u00e9jate y en caso de ca\u00edda avisa al tel\u00e9fono 112.<\/p>\n<p>Precauci\u00f3n en la carretera:<\/p>\n<p>Si es posible evita circular. Usa preferentemente el transporte p\u00fablico y en caso de tener que salir, inf\u00f3rmate de la predicci\u00f3n meteorol\u00f3gica.<\/p>\n<p>Reduce la velocidad a l\u00edmites de seguridad. Un golpe de viento puede desviarte de la trayectoria.<\/p>\n<p>Las motos y los veh\u00edculos de grandes dimensiones que ofrecen una gran superficie de contacto con el viento (camiones, furgonetas, veh\u00edculos con remolque o roulottes) corren el peligro de volcar ante vientos transversales.<\/p>\n","protected":false},"excerpt":{"rendered":"<div class=\"mh-excerpt\">La Conselleria de Gobernaci\u00f3n y Justicia, a trav\u00e9s del Centro de Coordinaci\u00f3n de Emergencias (CCE), mantiene hoy viernes, 30 de enero, la Preemergencia por vientos fuertes, nivel naranja, en la provincia de Valencia, en el <a class=\"mh-excerpt-more\" href=\"https:\/\/www.tucomarca.com\/wordpress\/segunda\/gobernacion-mantiene-la-preemergencia-por-fuertes-vientos-en-valencia\/\" title=\"Gobernaci\u00f3n mantiene la preemergencia por fuertes vientos en Valencia\">[+] <\/a><\/div>\n","protected":false},"author":2,"featured_media":0,"comment_status":"open","ping_status":"open","sticky":false,"template":"","format":"standard","meta":{"footnotes":""},"categories":[8,72,10,3],"tags":[3250,390,3251,394,797],"class_list":{"0":"post-33691","1":"post","2":"type-post","3":"status-publish","4":"format-standard","6":"category-la-comarca","7":"category-sin-categorizar","8":"category-la-hoya","9":"category-seccion","10":"tag-fuertes-vientos","11":"tag-gobernacion","12":"tag-nivel-naranja","13":"tag-preemergencia","14":"tag-valencia"},"_links":{"self":[{"href":"https:\/\/www.tucomarca.com\/wordpress\/segunda\/wp-json\/wp\/v2\/posts\/33691","targetHints":{"allow":["GET"]}}],"collection":[{"href":"https:\/\/www.tucomarca.com\/wordpress\/segunda\/wp-json\/wp\/v2\/posts"}],"about":[{"href":"https:\/\/www.tucomarca.com\/wordpress\/segunda\/wp-json\/wp\/v2\/types\/post"}],"author":[{"embeddable":true,"href":"https:\/\/www.tucomarca.com\/wordpress\/segunda\/wp-json\/wp\/v2\/users\/2"}],"replies":[{"embeddable":true,"href":"https:\/\/www.tucomarca.com\/wordpress\/segunda\/wp-json\/wp\/v2\/comments?post=33691"}],"version-history":[{"count":0,"href":"https:\/\/www.tucomarca.com\/wordpress\/segunda\/wp-json\/wp\/v2\/posts\/33691\/revisions"}],"wp:attachment":[{"href":"https:\/\/www.tucomarca.com\/wordpress\/segunda\/wp-json\/wp\/v2\/media?parent=33691"}],"wp:term":[{"taxonomy":"category","embeddable":true,"href":"https:\/\/www.tucomarca.com\/wordpress\/segunda\/wp-json\/wp\/v2\/categories?post=33691"},{"taxonomy":"post_tag","embeddable":true,"href":"https:\/\/www.tucomarca.com\/wordpress\/segunda\/wp-json\/wp\/v2\/tags?post=33691"}],"curies":[{"name":"wp","href":"https:\/\/api.w.org\/{rel}","templated":true}]}}