{"id":3370,"date":"2012-06-12T20:42:43","date_gmt":"2012-06-12T18:42:43","guid":{"rendered":"http:\/\/www.tucomarca.com\/wordpress\/segunda\/?p=3370"},"modified":"2012-06-12T20:42:55","modified_gmt":"2012-06-12T18:42:55","slug":"la-coral-%c2%absanta-cecilia%c2%bb-de-siete-aguas-participa-en-el-festival-de-ayora","status":"publish","type":"post","link":"https:\/\/www.tucomarca.com\/wordpress\/segunda\/la-coral-%c2%absanta-cecilia%c2%bb-de-siete-aguas-participa-en-el-festival-de-ayora\/","title":{"rendered":"La Coral \u00abSanta Cecilia\u00bb de Siete Aguas participa en el festival de Ayora"},"content":{"rendered":"<p>La Coral \u00abSanta Cecilia\u00bb de la Sociedad Musical \u00abLa Paz\u00bb de Siete Aguas ha participado en un festival de coros desarrollado en Ayora, tal como ha informado la presidenta de la entidad, Teresa Carri\u00f3n.<\/p>\n<p>Concretamente, el pasado s\u00e1bado 9 de junio a las 20,45 horas se celebr\u00f3 en la capilla de Nuestra Se\u00f1ora de la Asunci\u00f3n de Ayora un festival de coros, con la intervenci\u00f3n en primer lugar de la coral \u00abSanta Cecilia\u00bb y en segundo lugar la Coral Vicente Mart\u00ed i Soler de Ayora.<\/p>\n<p>Al finalizar el acto hubo una cena de convivencia de los dos coros. Desde Siete Aguas participaron en el acto tanto varios integrantes de la junta directiva de la sociedad, as\u00ed como el concejal de Fiestas, Jos\u00e9 Antonio Sancho, la concejala de Cultura, Jos\u00e9fina Mart\u00ednez, y la concejal Dolores Montesinos, as\u00ed como familiares, amigos y simpatizantes de la coral que se trasladaron hasta Ayora para escucharlos.<\/p>\n","protected":false},"excerpt":{"rendered":"<div class=\"mh-excerpt\">La Coral \u00abSanta Cecilia\u00bb de la Sociedad Musical \u00abLa Paz\u00bb de Siete Aguas ha participado en un festival de coros desarrollado en Ayora, tal como ha informado la presidenta de la entidad, Teresa Carri\u00f3n. Concretamente, <a class=\"mh-excerpt-more\" href=\"https:\/\/www.tucomarca.com\/wordpress\/segunda\/la-coral-%c2%absanta-cecilia%c2%bb-de-siete-aguas-participa-en-el-festival-de-ayora\/\" title=\"La Coral \u00abSanta Cecilia\u00bb de Siete Aguas participa en el festival de Ayora\">[+] <\/a><\/div>\n","protected":false},"author":1,"featured_media":3373,"comment_status":"open","ping_status":"open","sticky":false,"template":"","format":"standard","meta":{"footnotes":""},"categories":[66,10,7,3,12,45],"tags":[],"class_list":{"0":"post-3370","1":"post","2":"type-post","3":"status-publish","4":"format-standard","5":"has-post-thumbnail","7":"category-musica","8":"category-la-hoya","9":"category-ocio-y-cultura","10":"category-seccion","11":"category-siete-aguas","12":"category-ventana"},"_links":{"self":[{"href":"https:\/\/www.tucomarca.com\/wordpress\/segunda\/wp-json\/wp\/v2\/posts\/3370","targetHints":{"allow":["GET"]}}],"collection":[{"href":"https:\/\/www.tucomarca.com\/wordpress\/segunda\/wp-json\/wp\/v2\/posts"}],"about":[{"href":"https:\/\/www.tucomarca.com\/wordpress\/segunda\/wp-json\/wp\/v2\/types\/post"}],"author":[{"embeddable":true,"href":"https:\/\/www.tucomarca.com\/wordpress\/segunda\/wp-json\/wp\/v2\/users\/1"}],"replies":[{"embeddable":true,"href":"https:\/\/www.tucomarca.com\/wordpress\/segunda\/wp-json\/wp\/v2\/comments?post=3370"}],"version-history":[{"count":0,"href":"https:\/\/www.tucomarca.com\/wordpress\/segunda\/wp-json\/wp\/v2\/posts\/3370\/revisions"}],"wp:featuredmedia":[{"embeddable":true,"href":"https:\/\/www.tucomarca.com\/wordpress\/segunda\/wp-json\/wp\/v2\/media\/3373"}],"wp:attachment":[{"href":"https:\/\/www.tucomarca.com\/wordpress\/segunda\/wp-json\/wp\/v2\/media?parent=3370"}],"wp:term":[{"taxonomy":"category","embeddable":true,"href":"https:\/\/www.tucomarca.com\/wordpress\/segunda\/wp-json\/wp\/v2\/categories?post=3370"},{"taxonomy":"post_tag","embeddable":true,"href":"https:\/\/www.tucomarca.com\/wordpress\/segunda\/wp-json\/wp\/v2\/tags?post=3370"}],"curies":[{"name":"wp","href":"https:\/\/api.w.org\/{rel}","templated":true}]}}