{"id":33716,"date":"2015-01-30T16:43:13","date_gmt":"2015-01-30T13:43:13","guid":{"rendered":"http:\/\/www.tucomarca.com\/wordpress\/segunda\/?p=33716"},"modified":"2015-01-30T16:43:13","modified_gmt":"2015-01-30T13:43:13","slug":"podemos-requena-acoge-la-presentacion-de-varios-candidatos-a-la-secretaria-general-autonomica","status":"publish","type":"post","link":"https:\/\/www.tucomarca.com\/wordpress\/segunda\/podemos-requena-acoge-la-presentacion-de-varios-candidatos-a-la-secretaria-general-autonomica\/","title":{"rendered":"Podemos Requena acoge la presentaci\u00f3n de varios candidatos a la Secretar\u00eda General auton\u00f3mica"},"content":{"rendered":"<p>Tras el proceso constituyente de los \u00f3rganos internos a nivel estatal, que se desarroll\u00f3 por medio de la Asamblea Ciudadana S\u00ed Se Puede, y tras los procesos constituyentes municipales, se inicia el proceso de constituci\u00f3n de los \u00f3rganos auton\u00f3micos, cerrando as\u00ed esta gran etapa de construcci\u00f3n interna de Podemos.<\/p>\n<p>La persona que resulte elegida para la Secretar\u00eda General de la Comunidad Valenciana entrar\u00e1 a formar parte del Consejo Ciudadano Estatal como miembro nato.<\/p>\n<p>Actualmente, y hasta el d\u00eda 8 de febrero, se llevar\u00e1 a cabo la campa\u00f1a electoral de los candidatos auton\u00f3micos a Secretario General, Consejo Ciudadano Auton\u00f3mico y Consejo de Garant\u00edas Democr\u00e1ticas. Para estos \u00f3rganos internos, se presentan un total de 6 listas: Claro que Podemos, Entre todos Podemos, Juntos S\u00ed Podemos, CVA Ahora Podemos, Empleados P\u00fablicos y Somos Pueblo, Podemos.<\/p>\n<p>Como parte de esta campa\u00f1a, dos de los candidatos, concretamente Jose Mar\u00eda Copete de \u201cEntre Todos Podemos\u201d y Antonio Montiel de \u201cClaro que Podemos\u201d, han decidido visitar la comarca Utiel-Requena para hacernos part\u00edcipes de sus proyectos de futuro en nuestra Comunidad, as\u00ed como responder las preguntas y escuchar a los ciudadanos que deseen asistir a la misma.<\/p>\n<p>Os esperamos en este acto que tendr\u00e1 lugar el 2 de febrero de 19,30 a 21 horas, en el Centro Social de la c\/Villajoyosa, n\u00famero 6 de Requena.<\/p>\n","protected":false},"excerpt":{"rendered":"<div class=\"mh-excerpt\">Tras el proceso constituyente de los \u00f3rganos internos a nivel estatal, que se desarroll\u00f3 por medio de la Asamblea Ciudadana S\u00ed Se Puede, y tras los procesos constituyentes municipales, se inicia el proceso de constituci\u00f3n <a class=\"mh-excerpt-more\" href=\"https:\/\/www.tucomarca.com\/wordpress\/segunda\/podemos-requena-acoge-la-presentacion-de-varios-candidatos-a-la-secretaria-general-autonomica\/\" title=\"Podemos Requena acoge la presentaci\u00f3n de varios candidatos a la Secretar\u00eda General auton\u00f3mica\">[+] <\/a><\/div>\n","protected":false},"author":2,"featured_media":0,"comment_status":"open","ping_status":"open","sticky":false,"template":"","format":"standard","meta":{"footnotes":""},"categories":[8,142,28,27,3,29],"tags":[2971,5018,1581,10388,6748],"class_list":{"0":"post-33716","1":"post","2":"type-post","3":"status-publish","4":"format-standard","6":"category-la-comarca","7":"category-politica-la-comarca","8":"category-requena","9":"category-requena-utiel","10":"category-seccion","11":"category-utiel","12":"tag-candidatos","13":"tag-podemos","14":"tag-presnetacion","15":"tag-requena","16":"tag-secretaria-general"},"_links":{"self":[{"href":"https:\/\/www.tucomarca.com\/wordpress\/segunda\/wp-json\/wp\/v2\/posts\/33716","targetHints":{"allow":["GET"]}}],"collection":[{"href":"https:\/\/www.tucomarca.com\/wordpress\/segunda\/wp-json\/wp\/v2\/posts"}],"about":[{"href":"https:\/\/www.tucomarca.com\/wordpress\/segunda\/wp-json\/wp\/v2\/types\/post"}],"author":[{"embeddable":true,"href":"https:\/\/www.tucomarca.com\/wordpress\/segunda\/wp-json\/wp\/v2\/users\/2"}],"replies":[{"embeddable":true,"href":"https:\/\/www.tucomarca.com\/wordpress\/segunda\/wp-json\/wp\/v2\/comments?post=33716"}],"version-history":[{"count":0,"href":"https:\/\/www.tucomarca.com\/wordpress\/segunda\/wp-json\/wp\/v2\/posts\/33716\/revisions"}],"wp:attachment":[{"href":"https:\/\/www.tucomarca.com\/wordpress\/segunda\/wp-json\/wp\/v2\/media?parent=33716"}],"wp:term":[{"taxonomy":"category","embeddable":true,"href":"https:\/\/www.tucomarca.com\/wordpress\/segunda\/wp-json\/wp\/v2\/categories?post=33716"},{"taxonomy":"post_tag","embeddable":true,"href":"https:\/\/www.tucomarca.com\/wordpress\/segunda\/wp-json\/wp\/v2\/tags?post=33716"}],"curies":[{"name":"wp","href":"https:\/\/api.w.org\/{rel}","templated":true}]}}