{"id":3376,"date":"2012-06-12T20:41:12","date_gmt":"2012-06-12T18:41:12","guid":{"rendered":"http:\/\/www.tucomarca.com\/wordpress\/segunda\/?p=3376"},"modified":"2012-06-12T20:41:34","modified_gmt":"2012-06-12T18:41:34","slug":"la-asociacion-de-jubilados-y-pensionistas-de-la-udp-de-riba-roja-celebra-su-xx-semana-cultural-de-la-tercera-edad","status":"publish","type":"post","link":"https:\/\/www.tucomarca.com\/wordpress\/segunda\/la-asociacion-de-jubilados-y-pensionistas-de-la-udp-de-riba-roja-celebra-su-xx-semana-cultural-de-la-tercera-edad\/","title":{"rendered":"La Asociaci\u00f3n de Jubilados y Pensionistas de la UDP de Riba-Roja celebra su XX Semana Cultural de la Tercera Edad"},"content":{"rendered":"<figure id=\"attachment_3377\" aria-describedby=\"caption-attachment-3377\" style=\"width: 491px\" class=\"wp-caption alignleft\"><a href=\"https:\/\/www.tucomarca.com\/wordpress\/segunda\/wp-content\/uploads\/2012\/06\/Riba-roja.jpg\"><img loading=\"lazy\" decoding=\"async\" class=\"size-large wp-image-3377  \" title=\"Riba-roja\" src=\"https:\/\/www.tucomarca.com\/wordpress\/segunda\/wp-content\/uploads\/2012\/06\/Riba-roja-1024x768.jpg\" alt=\"Pilar Albert con integrantes de la Asociaci\u00f3n de Jubilados y Pensionistas de la UDP de Riba-Roja. \" width=\"491\" height=\"369\" \/><\/a><figcaption id=\"caption-attachment-3377\" class=\"wp-caption-text\">Pilar Albert con integrantes de la Asociaci\u00f3n de Jubilados y Pensionistas de la UDP de Riba-Roja. <\/figcaption><\/figure>\n<p>Mas de 300 mayores se han dado cita en al acto inaugural de la XX Semana Cultural de la Tercera Edad  de la   Asociaci\u00f3n de Jubilados y Pensionistas de la UDP de Riba-Roja del   Turia, al que  tambi\u00e9n ha asistido la  Directora General de Acci\u00f3n Social y Mayores, Pilar Albert, junto con el alcalde de este municipio, Francisco Tarazona,  as\u00ed como la concejal de Servicios Sociales, Beatriz C\u00f3rcoles, el  presidente Provincial de la UDP, Jos\u00e9 Sanchis, y la coordinadora del  programa de Voluntariado &#8216;Mayor para Mayor&#8217; de la UDP, Maribel Tar\u00edn.<\/p>\n<p>El Presidente de la Asociaci\u00f3n UDP Riba-Roja, Jos\u00e9 Rosell\u00f3, ha  explicado todas las actividades que realizar\u00e1n las personas mayores  esta semana, entre las que ha destacado un campeonato de Juegos, bailes, actuaciones de la Coral y del grupo de Teatro, as\u00ed como los cuadros  de gimnasia de mantenimiento de las asociaciones de jubilados de la  Pobla de Vallbona, L&#8217; Eliana, Benaguasil y Riba-roja.<\/p>\n<p>Durante su intervenci\u00f3n, Albert ha destacado el apoyo de la  Generalitat al asociacionismo de las personas mayores y ha agradecido  \u00abla labor que realizan las asociaciones de jubilados y pensionistas en  los distintos municipios, organizando las semanas culturales y otras  actividades que promueven el envejecimiento activo de los mayores y que  mejoran su calidad de vida, al favorecer su permanencia  en el entorno  familiar\u00bb.<\/p>\n","protected":false},"excerpt":{"rendered":"<div class=\"mh-excerpt\">Mas de 300 mayores se han dado cita en al acto inaugural de la XX Semana Cultural de la Tercera Edad de la Asociaci\u00f3n de Jubilados y Pensionistas de la UDP de Riba-Roja del Turia, <a class=\"mh-excerpt-more\" href=\"https:\/\/www.tucomarca.com\/wordpress\/segunda\/la-asociacion-de-jubilados-y-pensionistas-de-la-udp-de-riba-roja-celebra-su-xx-semana-cultural-de-la-tercera-edad\/\" title=\"La Asociaci\u00f3n de Jubilados y Pensionistas de la UDP de Riba-Roja celebra su XX Semana Cultural de la Tercera Edad\">[+] <\/a><\/div>\n","protected":false},"author":1,"featured_media":3377,"comment_status":"open","ping_status":"open","sticky":false,"template":"","format":"standard","meta":{"footnotes":""},"categories":[172,46,119,177,8,174,182,3,45],"tags":[],"class_list":{"0":"post-3376","1":"post","2":"type-post","3":"status-publish","4":"format-standard","5":"has-post-thumbnail","7":"category-benaguasil","8":"category-camp-de-turia","9":"category-sanidad-la-comarca","10":"category-leliana","11":"category-la-comarca","12":"category-la-pobla","13":"category-riba-roja","14":"category-seccion","15":"category-ventana"},"_links":{"self":[{"href":"https:\/\/www.tucomarca.com\/wordpress\/segunda\/wp-json\/wp\/v2\/posts\/3376","targetHints":{"allow":["GET"]}}],"collection":[{"href":"https:\/\/www.tucomarca.com\/wordpress\/segunda\/wp-json\/wp\/v2\/posts"}],"about":[{"href":"https:\/\/www.tucomarca.com\/wordpress\/segunda\/wp-json\/wp\/v2\/types\/post"}],"author":[{"embeddable":true,"href":"https:\/\/www.tucomarca.com\/wordpress\/segunda\/wp-json\/wp\/v2\/users\/1"}],"replies":[{"embeddable":true,"href":"https:\/\/www.tucomarca.com\/wordpress\/segunda\/wp-json\/wp\/v2\/comments?post=3376"}],"version-history":[{"count":0,"href":"https:\/\/www.tucomarca.com\/wordpress\/segunda\/wp-json\/wp\/v2\/posts\/3376\/revisions"}],"wp:featuredmedia":[{"embeddable":true,"href":"https:\/\/www.tucomarca.com\/wordpress\/segunda\/wp-json\/wp\/v2\/media\/3377"}],"wp:attachment":[{"href":"https:\/\/www.tucomarca.com\/wordpress\/segunda\/wp-json\/wp\/v2\/media?parent=3376"}],"wp:term":[{"taxonomy":"category","embeddable":true,"href":"https:\/\/www.tucomarca.com\/wordpress\/segunda\/wp-json\/wp\/v2\/categories?post=3376"},{"taxonomy":"post_tag","embeddable":true,"href":"https:\/\/www.tucomarca.com\/wordpress\/segunda\/wp-json\/wp\/v2\/tags?post=3376"}],"curies":[{"name":"wp","href":"https:\/\/api.w.org\/{rel}","templated":true}]}}