{"id":33762,"date":"2015-02-04T12:12:38","date_gmt":"2015-02-04T09:12:38","guid":{"rendered":"http:\/\/www.tucomarca.com\/wordpress\/segunda\/?p=33762"},"modified":"2015-02-04T12:12:38","modified_gmt":"2015-02-04T09:12:38","slug":"reunion-vecinal-de-podemos-en-requena","status":"publish","type":"post","link":"https:\/\/www.tucomarca.com\/wordpress\/segunda\/reunion-vecinal-de-podemos-en-requena\/","title":{"rendered":"Reuni\u00f3n vecinal de Podemos en Requena"},"content":{"rendered":"<p>Comunicado de Podemos Requena:<\/p>\n<p>Vecin@ de Requena y aldeas, si quieres un cambio en el rumbo de tu ayuntamiento, si est\u00e1s harto de que no se tenga en cuenta tu opini\u00f3n, y crees que se pueden hacer mejor las cosas&#8230;<br \/>\nVen este mi\u00e9rcoles 4 de febrero, para demostrar tu apoyo a la presentaci\u00f3n de una agrupaci\u00f3n de vecinos independientes en las pr\u00f3ximas elecciones municipales.<br \/>\nSi quieres un municipio gobernado con total honestidad, por personas que realmente se dediquen a mejorar la calidad de vida y el bienestar de todos los vecinos de Requena y sus aldeas&#8230;<br \/>\nTe esperamos a las 19,30h, para informarte y colaborar en este proyecto.<br \/>\nSi crees que hay personas honestas en Requena capaces de gestionar el municipio, sin estar supeditadas a los intereses partidistas y que est\u00e1n dispuestas a mantenerse firmes en la b\u00fasqueda del bien com\u00fan sin ceder ante el poder econ\u00f3mico de unos pocos&#8230;<br \/>\nAcude este mi\u00e9rcoles 4 de febrero a las 19:30h al Bar Alejo de Requena para hacer realidad el cambio que queremos en Requena y sus aldeas.<\/p>\n","protected":false},"excerpt":{"rendered":"<div class=\"mh-excerpt\">Comunicado de Podemos Requena: Vecin@ de Requena y aldeas, si quieres un cambio en el rumbo de tu ayuntamiento, si est\u00e1s harto de que no se tenga en cuenta tu opini\u00f3n, y crees que se <a class=\"mh-excerpt-more\" href=\"https:\/\/www.tucomarca.com\/wordpress\/segunda\/reunion-vecinal-de-podemos-en-requena\/\" title=\"Reuni\u00f3n vecinal de Podemos en Requena\">[+] <\/a><\/div>\n","protected":false},"author":2,"featured_media":0,"comment_status":"open","ping_status":"open","sticky":false,"template":"","format":"standard","meta":{"footnotes":""},"categories":[4,3],"tags":[5018,10388,967,6103],"class_list":{"0":"post-33762","1":"post","2":"type-post","3":"status-publish","4":"format-standard","6":"category-agenda","7":"category-seccion","8":"tag-podemos","9":"tag-requena","10":"tag-reunion","11":"tag-vecinal"},"_links":{"self":[{"href":"https:\/\/www.tucomarca.com\/wordpress\/segunda\/wp-json\/wp\/v2\/posts\/33762","targetHints":{"allow":["GET"]}}],"collection":[{"href":"https:\/\/www.tucomarca.com\/wordpress\/segunda\/wp-json\/wp\/v2\/posts"}],"about":[{"href":"https:\/\/www.tucomarca.com\/wordpress\/segunda\/wp-json\/wp\/v2\/types\/post"}],"author":[{"embeddable":true,"href":"https:\/\/www.tucomarca.com\/wordpress\/segunda\/wp-json\/wp\/v2\/users\/2"}],"replies":[{"embeddable":true,"href":"https:\/\/www.tucomarca.com\/wordpress\/segunda\/wp-json\/wp\/v2\/comments?post=33762"}],"version-history":[{"count":0,"href":"https:\/\/www.tucomarca.com\/wordpress\/segunda\/wp-json\/wp\/v2\/posts\/33762\/revisions"}],"wp:attachment":[{"href":"https:\/\/www.tucomarca.com\/wordpress\/segunda\/wp-json\/wp\/v2\/media?parent=33762"}],"wp:term":[{"taxonomy":"category","embeddable":true,"href":"https:\/\/www.tucomarca.com\/wordpress\/segunda\/wp-json\/wp\/v2\/categories?post=33762"},{"taxonomy":"post_tag","embeddable":true,"href":"https:\/\/www.tucomarca.com\/wordpress\/segunda\/wp-json\/wp\/v2\/tags?post=33762"}],"curies":[{"name":"wp","href":"https:\/\/api.w.org\/{rel}","templated":true}]}}