{"id":33966,"date":"2015-02-11T20:42:22","date_gmt":"2015-02-11T17:42:22","guid":{"rendered":"http:\/\/www.tucomarca.com\/wordpress\/segunda\/?p=33966"},"modified":"2015-02-11T20:42:22","modified_gmt":"2015-02-11T17:42:22","slug":"la-diputacion-destina-31-000-euros-a-la-restauracion-del-patrimonio-mueble-en-anna-y-enguera","status":"publish","type":"post","link":"https:\/\/www.tucomarca.com\/wordpress\/segunda\/la-diputacion-destina-31-000-euros-a-la-restauracion-del-patrimonio-mueble-en-anna-y-enguera\/","title":{"rendered":"La Diputaci\u00f3n destina 31.000 euros a la restauraci\u00f3n del patrimonio mueble en Anna y Enguera"},"content":{"rendered":"<p>La Diputaci\u00f3n de Valencia ha aprobado la distribuci\u00f3n de un total de 31.000 euros en subvenciones a los municipios de Anna y Enguera, en la Canal de Navarr\u00e9s, para la realizaci\u00f3n de obras de restauraci\u00f3n del patrimonio mueble local.<\/p>\n<p>Se trata de bienes del patrimonio cultural con valor hist\u00f3rico, art\u00edstico o inter\u00e9s local, para lo que la corporaci\u00f3n ha destinado un total de 750.000 euros para 65 proyectos en toda la provincia, a trav\u00e9s del programa para la recuperaci\u00f3n y conservaci\u00f3n del patrimonio mueble 2014-2015. De \u00e9stos, 488.750,45 euros se destinan a ayuntamientos y 261.249,55 euros a instituciones sin \u00e1nimo de lucro.<\/p>\n<p>\u201cSon elementos de nuestro patrimonio e importantes, por tanto, en nuestra cultura, puesto que el patrimonio arquitect\u00f3nico es historia, tanto el civil como el religioso, y los bienes muebles que suele albergar tambi\u00e9n\u201d, ha manifestado el diputado de Cooperaci\u00f3n Municipal, Juan Jos\u00e9 Medina, \u00e1rea de la Diputaci\u00f3n que gestiona las subvenciones.<\/p>\n<p>\u201cTratamos de proyectar el mayor n\u00famero posible de ayudas hacia los consistorios y las entidades p\u00fablicas, como garantes de gesti\u00f3n y de un mayor conocimiento de la realidad y las necesidades locales\u201d, ha apuntado el diputado.<\/p>\n","protected":false},"excerpt":{"rendered":"<div class=\"mh-excerpt\">La Diputaci\u00f3n de Valencia ha aprobado la distribuci\u00f3n de un total de 31.000 euros en subvenciones a los municipios de Anna y Enguera, en la Canal de Navarr\u00e9s, para la realizaci\u00f3n de obras de restauraci\u00f3n <a class=\"mh-excerpt-more\" href=\"https:\/\/www.tucomarca.com\/wordpress\/segunda\/la-diputacion-destina-31-000-euros-a-la-restauracion-del-patrimonio-mueble-en-anna-y-enguera\/\" title=\"La Diputaci\u00f3n destina 31.000 euros a la restauraci\u00f3n del patrimonio mueble en Anna y Enguera\">[+] <\/a><\/div>\n","protected":false},"author":2,"featured_media":0,"comment_status":"open","ping_status":"open","sticky":false,"template":"","format":"standard","meta":{"footnotes":""},"categories":[78,79,128,70,8,3],"tags":[10405,204,10406,6976,1455],"class_list":{"0":"post-33966","1":"post","2":"type-post","3":"status-publish","4":"format-standard","6":"category-anna","7":"category-enguera","8":"category-infraestructuras","9":"category-la-canal-de-navarres","10":"category-la-comarca","11":"category-seccion","12":"tag-anna","13":"tag-diputacion","14":"tag-enguera","15":"tag-patrimonio-mueble","16":"tag-restauracion"},"_links":{"self":[{"href":"https:\/\/www.tucomarca.com\/wordpress\/segunda\/wp-json\/wp\/v2\/posts\/33966","targetHints":{"allow":["GET"]}}],"collection":[{"href":"https:\/\/www.tucomarca.com\/wordpress\/segunda\/wp-json\/wp\/v2\/posts"}],"about":[{"href":"https:\/\/www.tucomarca.com\/wordpress\/segunda\/wp-json\/wp\/v2\/types\/post"}],"author":[{"embeddable":true,"href":"https:\/\/www.tucomarca.com\/wordpress\/segunda\/wp-json\/wp\/v2\/users\/2"}],"replies":[{"embeddable":true,"href":"https:\/\/www.tucomarca.com\/wordpress\/segunda\/wp-json\/wp\/v2\/comments?post=33966"}],"version-history":[{"count":0,"href":"https:\/\/www.tucomarca.com\/wordpress\/segunda\/wp-json\/wp\/v2\/posts\/33966\/revisions"}],"wp:attachment":[{"href":"https:\/\/www.tucomarca.com\/wordpress\/segunda\/wp-json\/wp\/v2\/media?parent=33966"}],"wp:term":[{"taxonomy":"category","embeddable":true,"href":"https:\/\/www.tucomarca.com\/wordpress\/segunda\/wp-json\/wp\/v2\/categories?post=33966"},{"taxonomy":"post_tag","embeddable":true,"href":"https:\/\/www.tucomarca.com\/wordpress\/segunda\/wp-json\/wp\/v2\/tags?post=33966"}],"curies":[{"name":"wp","href":"https:\/\/api.w.org\/{rel}","templated":true}]}}