{"id":33979,"date":"2015-02-12T11:49:30","date_gmt":"2015-02-12T08:49:30","guid":{"rendered":"http:\/\/www.tucomarca.com\/wordpress\/segunda\/?p=33979"},"modified":"2015-02-12T11:49:35","modified_gmt":"2015-02-12T08:49:35","slug":"juncal-carrascosa-y-alicia-hernandez-se-postulan-para-encabezar-el-psoe-bunolense","status":"publish","type":"post","link":"https:\/\/www.tucomarca.com\/wordpress\/segunda\/juncal-carrascosa-y-alicia-hernandez-se-postulan-para-encabezar-el-psoe-bunolense\/","title":{"rendered":"Juncal Carrascosa y Alicia Hern\u00e1ndez se postulan para encabezar el PSOE bu\u00f1olense"},"content":{"rendered":"<p><figure id=\"attachment_33980\" aria-describedby=\"caption-attachment-33980\" style=\"width: 254px\" class=\"wp-caption alignleft\"><a href=\"https:\/\/www.tucomarca.com\/wordpress\/segunda\/2015\/02\/juncal-carrascosa-y-alicia-hernandez-se-postulan-para-encabezar-el-psoe-bunolense\/juncalalicia\/\" rel=\"attachment wp-att-33980\"><img loading=\"lazy\" decoding=\"async\" src=\"https:\/\/www.tucomarca.com\/wordpress\/segunda\/wp-content\/uploads\/2015\/02\/juncalalicia.jpg\" alt=\"\" title=\"juncalalicia\" width=\"254\" height=\"125\" class=\"size-full wp-image-33980\" \/><\/a><figcaption id=\"caption-attachment-33980\" class=\"wp-caption-text\">Juncal Carrascosa (izda) y Alicia Hern\u00e1ndez (dcha). tc.c<\/figcaption><\/figure>Tal como public\u00f3 este peri\u00f3dico en su edici\u00f3n impresa, el Partido Socialista de Bu\u00f1ol ha confirmado que realizar\u00e1 elecciones primarias para elegir al cabeza de lista que encabezar\u00e1 el nuevo proyecto pol\u00edtico en la localidad. A pesar de que todos los rumores apuntaban a que el alcaldable ser\u00eda el actual Secretario Local, Aurelio Palmer, finalmente el pol\u00edtico que hace cuatro a\u00f1os ya perdi\u00f3 las anteriores primarias que le midieron a Eusebio S\u00e1ez ha decidido dar marcha atr\u00e1s y dejar paso a otros militantes.<br \/>\nTal como ha podido confirmar este semanario, Alicia Hern\u00e1ndez \u2014la actual portavoz en el plenario local\u2014 y Juncal Carrascosa (quien ocup\u00f3 la Concejal\u00eda de Fiestas de Bu\u00f1ol en anteriores legislaturas ) se han postulado para ocupar el n\u00famero uno de la candidatura socialista. As\u00ed, el pr\u00f3ximo 21 de febrero est\u00e1 prevista la votaci\u00f3n de los afiliados, aunque ser\u00e1 hasta principios de marzo (apurando el plazo dado por la direcci\u00f3n del PSPV) cuando se conozcan los nombres de quienes acompa\u00f1ar\u00e1n a la candidata en la lista electoral con la que se concurrir\u00e1 a los comicios de mayo.<br \/>\nFuentes del PSOE bu\u00f1olense han asegurado que el proceso para elegir a la alcaldable va a ser \u00abtotalmente abierto\u00bb y que con \u00e9l se inicia \u00abun nuevo per\u00edodo en el que se trabajar\u00e1 para ganarse la confianza del electorado\u00bb, seg\u00fan han dicho.<br \/>\nSe da la circunstancia de que, por primera vez desde la instauraci\u00f3n de la democracia, el Partido Socialista de Bu\u00f1ol va a concurrir a esta cita con las urnas (y si no hay novedades de \u00faltima hora) con una mujer como l\u00edder de su candidatura.<\/p>\n","protected":false},"excerpt":{"rendered":"<div class=\"mh-excerpt\">Tal como public\u00f3 este peri\u00f3dico en su edici\u00f3n impresa, el Partido Socialista de Bu\u00f1ol ha confirmado que realizar\u00e1 elecciones primarias para elegir al cabeza de lista que encabezar\u00e1 el nuevo proyecto pol\u00edtico en la localidad. <a class=\"mh-excerpt-more\" href=\"https:\/\/www.tucomarca.com\/wordpress\/segunda\/juncal-carrascosa-y-alicia-hernandez-se-postulan-para-encabezar-el-psoe-bunolense\/\" title=\"Juncal Carrascosa y Alicia Hern\u00e1ndez se postulan para encabezar el PSOE bu\u00f1olense\">[+] <\/a><\/div>\n","protected":false},"author":2,"featured_media":33980,"comment_status":"open","ping_status":"open","sticky":false,"template":"","format":"standard","meta":{"footnotes":""},"categories":[18,8,10,142,3],"tags":[2831,10385,6986,6984,6985,62],"class_list":{"0":"post-33979","1":"post","2":"type-post","3":"status-publish","4":"format-standard","5":"has-post-thumbnail","7":"category-bunol","8":"category-la-comarca","9":"category-la-hoya","10":"category-politica-la-comarca","11":"category-seccion","12":"tag-alicia-hernandez","13":"tag-bunol","14":"tag-candidatas","15":"tag-juncal-carrascosa","16":"tag-postulan","17":"tag-psoe"},"_links":{"self":[{"href":"https:\/\/www.tucomarca.com\/wordpress\/segunda\/wp-json\/wp\/v2\/posts\/33979","targetHints":{"allow":["GET"]}}],"collection":[{"href":"https:\/\/www.tucomarca.com\/wordpress\/segunda\/wp-json\/wp\/v2\/posts"}],"about":[{"href":"https:\/\/www.tucomarca.com\/wordpress\/segunda\/wp-json\/wp\/v2\/types\/post"}],"author":[{"embeddable":true,"href":"https:\/\/www.tucomarca.com\/wordpress\/segunda\/wp-json\/wp\/v2\/users\/2"}],"replies":[{"embeddable":true,"href":"https:\/\/www.tucomarca.com\/wordpress\/segunda\/wp-json\/wp\/v2\/comments?post=33979"}],"version-history":[{"count":0,"href":"https:\/\/www.tucomarca.com\/wordpress\/segunda\/wp-json\/wp\/v2\/posts\/33979\/revisions"}],"wp:featuredmedia":[{"embeddable":true,"href":"https:\/\/www.tucomarca.com\/wordpress\/segunda\/wp-json\/wp\/v2\/media\/33980"}],"wp:attachment":[{"href":"https:\/\/www.tucomarca.com\/wordpress\/segunda\/wp-json\/wp\/v2\/media?parent=33979"}],"wp:term":[{"taxonomy":"category","embeddable":true,"href":"https:\/\/www.tucomarca.com\/wordpress\/segunda\/wp-json\/wp\/v2\/categories?post=33979"},{"taxonomy":"post_tag","embeddable":true,"href":"https:\/\/www.tucomarca.com\/wordpress\/segunda\/wp-json\/wp\/v2\/tags?post=33979"}],"curies":[{"name":"wp","href":"https:\/\/api.w.org\/{rel}","templated":true}]}}