{"id":34059,"date":"2015-02-16T14:19:57","date_gmt":"2015-02-16T11:19:57","guid":{"rendered":"http:\/\/www.tucomarca.com\/wordpress\/segunda\/?p=34059"},"modified":"2015-02-16T14:20:01","modified_gmt":"2015-02-16T11:20:01","slug":"adil-el-hand-y-bouchra-marzouki-ganan-la-vii-mitja-marato-roquette-de-benifaio","status":"publish","type":"post","link":"https:\/\/www.tucomarca.com\/wordpress\/segunda\/adil-el-hand-y-bouchra-marzouki-ganan-la-vii-mitja-marato-roquette-de-benifaio\/","title":{"rendered":"Adil El Hand y Bouchra Marzouki ganan la VII Mitja Marat\u00f3 Roquette de Benifai\u00f3"},"content":{"rendered":"<p><figure id=\"attachment_34060\" aria-describedby=\"caption-attachment-34060\" style=\"width: 300px\" class=\"wp-caption alignleft\"><a href=\"https:\/\/www.tucomarca.com\/wordpress\/segunda\/2015\/02\/adil-el-hand-y-bouchra-marzouki-ganan-la-vii-mitja-marato-roquette-de-benifaio\/salida-mitja-marato-benifaio-2\/\" rel=\"attachment wp-att-34060\"><img loading=\"lazy\" decoding=\"async\" src=\"https:\/\/www.tucomarca.com\/wordpress\/segunda\/wp-content\/uploads\/2015\/02\/salida-mitja-marato-Benifaio-2-300x168.jpg\" alt=\"\" title=\"salida mitja marato Benifaio 2\" width=\"300\" height=\"168\" class=\"size-medium wp-image-34060\" srcset=\"https:\/\/www.tucomarca.com\/wordpress\/segunda\/wp-content\/uploads\/2015\/02\/salida-mitja-marato-Benifaio-2-300x168.jpg 300w, https:\/\/www.tucomarca.com\/wordpress\/segunda\/wp-content\/uploads\/2015\/02\/salida-mitja-marato-Benifaio-2-1024x576.jpg 1024w\" sizes=\"auto, (max-width: 300px) 100vw, 300px\" \/><\/a><figcaption id=\"caption-attachment-34060\" class=\"wp-caption-text\">Salida de la espectacular prueba deportiva. tc.c<\/figcaption><\/figure>Benifai\u00f3 volvi\u00f3 a ser el escenario de una de las pruebas deportivas con mayor participaci\u00f3n. Los alrededores de la empresa Roquette, patrocinadora del evento, fue el lugar de encuentro para dar la salida y recibir en la meta a los casi 1.000 atletas que se hab\u00edan inscrito en la \u00abVII Mitja Marat\u00f3 Roquette Benifai\u00f3\u00bb organizada por el Club Triesport Roquette. <\/p>\n<p>Unos datos que demuestran la importancia de la prueba con unos niveles de inscripci\u00f3n que cada a\u00f1o van en aumento, pasando de los 800 atletas en 2012, a 900 en la pasada edici\u00f3n y los cerca de 1.000 en la prueba de ayer domingo. Con un recorrido de 21 Km. La prueba discurri\u00f3 por los alrededores del t\u00e9rmino de Benifai\u00f3 y por sus calles m\u00e1s c\u00e9ntricas. Los vecinos pudieron as\u00ed animar a los atletas.<\/p>\n<p>Con un tiempo de 0:38:32 llegaba a meta el primer corredor Adil El Hand logrando el triunfo. En f\u00e9minas la primera clasificada fue Bouchra Marzouki al pasar el arco de meta en el minuto 0:45.30.<\/p>\n<p>Entre los premiados se encontraba tambi\u00e9n el atleta de Benifai\u00f3 Salva Al\u00f3s Botella, quien con un tiempo de 0:46:06 llegaba a meta como primero local.<\/p>\n","protected":false},"excerpt":{"rendered":"<div class=\"mh-excerpt\">Benifai\u00f3 volvi\u00f3 a ser el escenario de una de las pruebas deportivas con mayor participaci\u00f3n. Los alrededores de la empresa Roquette, patrocinadora del evento, fue el lugar de encuentro para dar la salida y recibir <a class=\"mh-excerpt-more\" href=\"https:\/\/www.tucomarca.com\/wordpress\/segunda\/adil-el-hand-y-bouchra-marzouki-ganan-la-vii-mitja-marato-roquette-de-benifaio\/\" title=\"Adil El Hand y Bouchra Marzouki ganan la VII Mitja Marat\u00f3 Roquette de Benifai\u00f3\">[+] <\/a><\/div>\n","protected":false},"author":2,"featured_media":34060,"comment_status":"open","ping_status":"open","sticky":false,"template":"","format":"standard","meta":{"footnotes":""},"categories":[98,267,6,8,42,3,45],"tags":[],"class_list":{"0":"post-34059","1":"post","2":"type-post","3":"status-publish","4":"format-standard","5":"has-post-thumbnail","7":"category-atletismo","8":"category-benifaio","9":"category-deportes","10":"category-la-comarca","11":"category-la-ribera","12":"category-seccion","13":"category-ventana"},"_links":{"self":[{"href":"https:\/\/www.tucomarca.com\/wordpress\/segunda\/wp-json\/wp\/v2\/posts\/34059","targetHints":{"allow":["GET"]}}],"collection":[{"href":"https:\/\/www.tucomarca.com\/wordpress\/segunda\/wp-json\/wp\/v2\/posts"}],"about":[{"href":"https:\/\/www.tucomarca.com\/wordpress\/segunda\/wp-json\/wp\/v2\/types\/post"}],"author":[{"embeddable":true,"href":"https:\/\/www.tucomarca.com\/wordpress\/segunda\/wp-json\/wp\/v2\/users\/2"}],"replies":[{"embeddable":true,"href":"https:\/\/www.tucomarca.com\/wordpress\/segunda\/wp-json\/wp\/v2\/comments?post=34059"}],"version-history":[{"count":0,"href":"https:\/\/www.tucomarca.com\/wordpress\/segunda\/wp-json\/wp\/v2\/posts\/34059\/revisions"}],"wp:featuredmedia":[{"embeddable":true,"href":"https:\/\/www.tucomarca.com\/wordpress\/segunda\/wp-json\/wp\/v2\/media\/34060"}],"wp:attachment":[{"href":"https:\/\/www.tucomarca.com\/wordpress\/segunda\/wp-json\/wp\/v2\/media?parent=34059"}],"wp:term":[{"taxonomy":"category","embeddable":true,"href":"https:\/\/www.tucomarca.com\/wordpress\/segunda\/wp-json\/wp\/v2\/categories?post=34059"},{"taxonomy":"post_tag","embeddable":true,"href":"https:\/\/www.tucomarca.com\/wordpress\/segunda\/wp-json\/wp\/v2\/tags?post=34059"}],"curies":[{"name":"wp","href":"https:\/\/api.w.org\/{rel}","templated":true}]}}