{"id":34063,"date":"2015-02-16T14:22:58","date_gmt":"2015-02-16T11:22:58","guid":{"rendered":"http:\/\/www.tucomarca.com\/wordpress\/segunda\/?p=34063"},"modified":"2015-02-16T14:22:58","modified_gmt":"2015-02-16T11:22:58","slug":"la-falla-mitja-capa-de-benifaio-presenta-les-seues-falleres-majors-i-president-infantil-de-2015","status":"publish","type":"post","link":"https:\/\/www.tucomarca.com\/wordpress\/segunda\/la-falla-mitja-capa-de-benifaio-presenta-les-seues-falleres-majors-i-president-infantil-de-2015\/","title":{"rendered":"La Falla \u00abMitja Capa\u00bb de Benifai\u00f3 presenta les seues falleres majors i president Infantil de 2015"},"content":{"rendered":"<p>La comissi\u00f3 Falla Mitja Capa de Benifai\u00f3, presidida per Miguel Clerigues M\u00e9ndez, va presentar al Centre Cultural el passat cap de setmana als seus m\u00e0xims representants 2015.<\/p>\n<p>Montse Sanchis Mart\u00ednez va rebre dissabte la banda que l\u2019acredita ja com a Fallera Major.<\/p>\n<p>Diumenge va ser el torn dels m\u00e9s menuts. Els xiquets Andrea Vila Mart\u00ednez i Roberto Benavent Llanos ostenten el c\u00e0rrec de Fallera Major i Preisdent Infantil 2015.<\/p>\n","protected":false},"excerpt":{"rendered":"<div class=\"mh-excerpt\">La comissi\u00f3 Falla Mitja Capa de Benifai\u00f3, presidida per Miguel Clerigues M\u00e9ndez, va presentar al Centre Cultural el passat cap de setmana als seus m\u00e0xims representants 2015. Montse Sanchis Mart\u00ednez va rebre dissabte la banda <a class=\"mh-excerpt-more\" href=\"https:\/\/www.tucomarca.com\/wordpress\/segunda\/la-falla-mitja-capa-de-benifaio-presenta-les-seues-falleres-majors-i-president-infantil-de-2015\/\" title=\"La Falla \u00abMitja Capa\u00bb de Benifai\u00f3 presenta les seues falleres majors i president Infantil de 2015\">[+] <\/a><\/div>\n","protected":false},"author":2,"featured_media":0,"comment_status":"open","ping_status":"open","sticky":false,"template":"","format":"standard","meta":{"footnotes":""},"categories":[267,8,42,3],"tags":[10460,3328,2978,7013],"class_list":{"0":"post-34063","1":"post","2":"type-post","3":"status-publish","4":"format-standard","6":"category-benifaio","7":"category-la-comarca","8":"category-la-ribera","9":"category-seccion","10":"tag-benifaio","11":"tag-falles","12":"tag-presentacio","13":"tag-president-infantil"},"_links":{"self":[{"href":"https:\/\/www.tucomarca.com\/wordpress\/segunda\/wp-json\/wp\/v2\/posts\/34063","targetHints":{"allow":["GET"]}}],"collection":[{"href":"https:\/\/www.tucomarca.com\/wordpress\/segunda\/wp-json\/wp\/v2\/posts"}],"about":[{"href":"https:\/\/www.tucomarca.com\/wordpress\/segunda\/wp-json\/wp\/v2\/types\/post"}],"author":[{"embeddable":true,"href":"https:\/\/www.tucomarca.com\/wordpress\/segunda\/wp-json\/wp\/v2\/users\/2"}],"replies":[{"embeddable":true,"href":"https:\/\/www.tucomarca.com\/wordpress\/segunda\/wp-json\/wp\/v2\/comments?post=34063"}],"version-history":[{"count":0,"href":"https:\/\/www.tucomarca.com\/wordpress\/segunda\/wp-json\/wp\/v2\/posts\/34063\/revisions"}],"wp:attachment":[{"href":"https:\/\/www.tucomarca.com\/wordpress\/segunda\/wp-json\/wp\/v2\/media?parent=34063"}],"wp:term":[{"taxonomy":"category","embeddable":true,"href":"https:\/\/www.tucomarca.com\/wordpress\/segunda\/wp-json\/wp\/v2\/categories?post=34063"},{"taxonomy":"post_tag","embeddable":true,"href":"https:\/\/www.tucomarca.com\/wordpress\/segunda\/wp-json\/wp\/v2\/tags?post=34063"}],"curies":[{"name":"wp","href":"https:\/\/api.w.org\/{rel}","templated":true}]}}