{"id":34127,"date":"2015-02-18T19:48:21","date_gmt":"2015-02-18T16:48:21","guid":{"rendered":"http:\/\/www.tucomarca.com\/wordpress\/segunda\/?p=34127"},"modified":"2015-02-18T19:48:21","modified_gmt":"2015-02-18T16:48:21","slug":"alzira-cuenta-con-una-nueva-guia-turistica","status":"publish","type":"post","link":"https:\/\/www.tucomarca.com\/wordpress\/segunda\/alzira-cuenta-con-una-nueva-guia-turistica\/","title":{"rendered":"Alzira cuenta con una nueva gu\u00eda tur\u00edstica"},"content":{"rendered":"<p>El Patronato Provincial de Turismo Val\u00e8ncia, Terra i Mar ha editado una nueva gu\u00eda tur\u00edstica digital para el municipio de Alzira con el objetivo de promocionar un importante destino de interior, a trav\u00e9s de dispositivos m\u00f3viles como smartphones y tabletas.<\/p>\n<p>El director del Patronato Provincial de Turismo, Ram\u00f3n Vila, y el concejal de Turismo de Alzira, Rafael Fita, han presentado esta ma\u00f1ana la nueva publicaci\u00f3n que ofrece la m\u00e1s completa informaci\u00f3n para los visitantes y turistas.<\/p>\n<p>Vila ha se\u00f1alado que \u201cla nueva gu\u00eda de Alzira es una herramienta imprescindible para todos aquellos que quieran conocer y disfrutar de este importante municipio de La Ribera, ya que ofrece informaci\u00f3n pr\u00e1ctica sobre todos sus recursos tur\u00edsticos\u201d.<\/p>\n<p>\u201cLa edici\u00f3n de publicaciones es fundamental para promocionar los destinos tur\u00edsticos y darlos a conocer a los potenciales turistas y visitantes\u201d, ha a\u00f1adido Vila.<\/p>\n<p>Por su parte, el concejal de Turismo de Alzira, Fita, ha agradecido la ayuda de la Diputaci\u00f3n de Valencia \u201cpara editar esta revista virtual, una herramienta de trabajo moderna y completa que aporta gran cantidad de informaci\u00f3n pr\u00e1ctica sobre Alzira\u201d.<\/p>\n<p>\u201cGracias a esta gu\u00eda eliminamos el gasto en papel y apostamos por las nuevas tecnolog\u00edas en el desarrollo del turismo\u201d, ha a\u00f1adido el concejal de Turismo de Alzira.<\/p>\n<p>Gu\u00eda Tur\u00edstica Alzira<\/p>\n<p>La nueva gu\u00eda digital, editada por el Patronato Provincial de Turismo Val\u00e8ncia, Terra i Mar, nace con el objetivo principal de convertirse en una herramienta de promoci\u00f3n de Alzira y facilitar informaci\u00f3n tur\u00edstica a los visitantes.<\/p>\n<p>La gu\u00eda cuenta con 48 p\u00e1ginas divididas en varios apartados que ofrecen una descripci\u00f3n general de la ciudad y secciones dedicadas a la historia, monumentos y museos, la ciudad moderna, alrededores, fiestas y gastronom\u00eda.<\/p>\n<p>Adem\u00e1s, la publicaci\u00f3n ofrece informaci\u00f3n pr\u00e1ctica sobre empresas de inter\u00e9s, mapa y enlaces de publicaciones tur\u00edsticas del municipio.<\/p>\n<p>Descargas de planos tur\u00edsticos, fotograf\u00edas e hiperenlaces, son algunas de las herramientas con que cuenta esta \u00fatil gu\u00eda.<\/p>\n<p>Esta publicaci\u00f3n ya se encuentra disponible en versi\u00f3n digital en el portal tur\u00edstico www.valenciaterraimar.org y se puede descargar a trav\u00e9s del c\u00f3digo QR. Adem\u00e1s, estar\u00e1 disponible en los pr\u00f3ximos meses en el quiosco virtual de la app Val\u00e8ncia, Terra i Mar.<\/p>\n<p>La gu\u00eda de Alzira se une a las once ya editadas por el Patronato Provincial de Turismo de los municipios de Cullera, Gandia, X\u00e0tiva, El Puig de Santa Maria, Sagunto, Oliva, Ll\u00edria, Canet d\u2019en Berenguer, Bocairent, la Vall d\u2019Albaida y Cofrentes.<\/p>\n","protected":false},"excerpt":{"rendered":"<div class=\"mh-excerpt\">El Patronato Provincial de Turismo Val\u00e8ncia, Terra i Mar ha editado una nueva gu\u00eda tur\u00edstica digital para el municipio de Alzira con el objetivo de promocionar un importante destino de interior, a trav\u00e9s de dispositivos <a class=\"mh-excerpt-more\" href=\"https:\/\/www.tucomarca.com\/wordpress\/segunda\/alzira-cuenta-con-una-nueva-guia-turistica\/\" title=\"Alzira cuenta con una nueva gu\u00eda tur\u00edstica\">[+] <\/a><\/div>\n","protected":false},"author":2,"featured_media":0,"comment_status":"open","ping_status":"open","sticky":false,"template":"","format":"standard","meta":{"footnotes":""},"categories":[69,8,42,3],"tags":[10402,5653,2058,7042],"class_list":{"0":"post-34127","1":"post","2":"type-post","3":"status-publish","4":"format-standard","6":"category-alzira","7":"category-la-comarca","8":"category-la-ribera","9":"category-seccion","10":"tag-alzira","11":"tag-nueva-guia-turistica","12":"tag-patronato","13":"tag-valencia-terra-i-mar"},"_links":{"self":[{"href":"https:\/\/www.tucomarca.com\/wordpress\/segunda\/wp-json\/wp\/v2\/posts\/34127","targetHints":{"allow":["GET"]}}],"collection":[{"href":"https:\/\/www.tucomarca.com\/wordpress\/segunda\/wp-json\/wp\/v2\/posts"}],"about":[{"href":"https:\/\/www.tucomarca.com\/wordpress\/segunda\/wp-json\/wp\/v2\/types\/post"}],"author":[{"embeddable":true,"href":"https:\/\/www.tucomarca.com\/wordpress\/segunda\/wp-json\/wp\/v2\/users\/2"}],"replies":[{"embeddable":true,"href":"https:\/\/www.tucomarca.com\/wordpress\/segunda\/wp-json\/wp\/v2\/comments?post=34127"}],"version-history":[{"count":0,"href":"https:\/\/www.tucomarca.com\/wordpress\/segunda\/wp-json\/wp\/v2\/posts\/34127\/revisions"}],"wp:attachment":[{"href":"https:\/\/www.tucomarca.com\/wordpress\/segunda\/wp-json\/wp\/v2\/media?parent=34127"}],"wp:term":[{"taxonomy":"category","embeddable":true,"href":"https:\/\/www.tucomarca.com\/wordpress\/segunda\/wp-json\/wp\/v2\/categories?post=34127"},{"taxonomy":"post_tag","embeddable":true,"href":"https:\/\/www.tucomarca.com\/wordpress\/segunda\/wp-json\/wp\/v2\/tags?post=34127"}],"curies":[{"name":"wp","href":"https:\/\/api.w.org\/{rel}","templated":true}]}}