{"id":34341,"date":"2015-02-25T20:04:52","date_gmt":"2015-02-25T17:04:52","guid":{"rendered":"http:\/\/www.tucomarca.com\/wordpress\/segunda\/?p=34341"},"modified":"2015-02-25T20:04:52","modified_gmt":"2015-02-25T17:04:52","slug":"el-rebost-de-la-dipu-llega-a-alzira","status":"publish","type":"post","link":"https:\/\/www.tucomarca.com\/wordpress\/segunda\/el-rebost-de-la-dipu-llega-a-alzira\/","title":{"rendered":"El Rebost de la Dipu llega a Alzira"},"content":{"rendered":"<p>El presidente de la Diputaci\u00f3n de Valencia, Alfonso Rus, presidir\u00e1 este jueves el concurso en el que participar\u00e1 la Ribera Alta y la Ribera Baixa y est\u00e1 previsto que re\u00fana en la Sala Rex Natura de Alzira a unas 2.000 personas procedentes de municipios de la Ribera.<\/p>\n<p>La vicepresidenta Amparo Mora, que dirige los programas sociales de la Diputaci\u00f3n, diputados provinciales y alcaldes y concejales de las diferentes comarcas tambi\u00e9n acudir\u00e1n al acto.<\/p>\n<p>Unas 50 recetas de La Ribera<\/p>\n<p>Unas 50 recetas se presentan al concurso de Alzira. El Rebost cumple en esta edici\u00f3n su quinto aniversario con la almendra como protagonista. Los ingredientes obligatorios de las anteriores ediciones fueron la naranja, la calabaza, el tomate y la manzana.<\/p>\n<p>Salud nutricional y dinamizaci\u00f3n social<\/p>\n<p>El programa tiene una doble finalidad. Por un lado pretende incidir en la alimentaci\u00f3n y la nutrici\u00f3n como condiciones esenciales en el mantenimiento de una buena salud.<\/p>\n<p>Y, por otro, busca dinamizar a diferentes colectivos sociales, en especial a mujeres, personas mayores y a todos los aficionados a la cocina tradicional valenciana a trav\u00e9s de reuniones dedicadas a la cultura culinaria aut\u00f3ctona.<\/p>\n","protected":false},"excerpt":{"rendered":"<div class=\"mh-excerpt\">El presidente de la Diputaci\u00f3n de Valencia, Alfonso Rus, presidir\u00e1 este jueves el concurso en el que participar\u00e1 la Ribera Alta y la Ribera Baixa y est\u00e1 previsto que re\u00fana en la Sala Rex Natura <a class=\"mh-excerpt-more\" href=\"https:\/\/www.tucomarca.com\/wordpress\/segunda\/el-rebost-de-la-dipu-llega-a-alzira\/\" title=\"El Rebost de la Dipu llega a Alzira\">[+] <\/a><\/div>\n","protected":false},"author":2,"featured_media":0,"comment_status":"open","ping_status":"open","sticky":false,"template":"","format":"standard","meta":{"footnotes":""},"categories":[4,3],"tags":[10402,711,7105,636],"class_list":{"0":"post-34341","1":"post","2":"type-post","3":"status-publish","4":"format-standard","6":"category-agenda","7":"category-seccion","8":"tag-alzira","9":"tag-concurso","10":"tag-el-rebost-de-la-dipu","11":"tag-rus"},"_links":{"self":[{"href":"https:\/\/www.tucomarca.com\/wordpress\/segunda\/wp-json\/wp\/v2\/posts\/34341","targetHints":{"allow":["GET"]}}],"collection":[{"href":"https:\/\/www.tucomarca.com\/wordpress\/segunda\/wp-json\/wp\/v2\/posts"}],"about":[{"href":"https:\/\/www.tucomarca.com\/wordpress\/segunda\/wp-json\/wp\/v2\/types\/post"}],"author":[{"embeddable":true,"href":"https:\/\/www.tucomarca.com\/wordpress\/segunda\/wp-json\/wp\/v2\/users\/2"}],"replies":[{"embeddable":true,"href":"https:\/\/www.tucomarca.com\/wordpress\/segunda\/wp-json\/wp\/v2\/comments?post=34341"}],"version-history":[{"count":0,"href":"https:\/\/www.tucomarca.com\/wordpress\/segunda\/wp-json\/wp\/v2\/posts\/34341\/revisions"}],"wp:attachment":[{"href":"https:\/\/www.tucomarca.com\/wordpress\/segunda\/wp-json\/wp\/v2\/media?parent=34341"}],"wp:term":[{"taxonomy":"category","embeddable":true,"href":"https:\/\/www.tucomarca.com\/wordpress\/segunda\/wp-json\/wp\/v2\/categories?post=34341"},{"taxonomy":"post_tag","embeddable":true,"href":"https:\/\/www.tucomarca.com\/wordpress\/segunda\/wp-json\/wp\/v2\/tags?post=34341"}],"curies":[{"name":"wp","href":"https:\/\/api.w.org\/{rel}","templated":true}]}}