{"id":34346,"date":"2015-02-25T20:12:03","date_gmt":"2015-02-25T17:12:03","guid":{"rendered":"http:\/\/www.tucomarca.com\/wordpress\/segunda\/?p=34346"},"modified":"2015-02-25T20:12:03","modified_gmt":"2015-02-25T17:12:03","slug":"serra-recupera-2-millones-de-metros-cuadrados-de-terrenos-abandonados-en-la-calderona-para-destinarlos-a-cultivo-agricola","status":"publish","type":"post","link":"https:\/\/www.tucomarca.com\/wordpress\/segunda\/serra-recupera-2-millones-de-metros-cuadrados-de-terrenos-abandonados-en-la-calderona-para-destinarlos-a-cultivo-agricola\/","title":{"rendered":"Serra recupera 2 millones de metros cuadrados de terrenos abandonados en La Calderona para destinarlos a cultivo agr\u00edcola"},"content":{"rendered":"<p>El Ayuntamiento de Serra ha iniciado un ambicioso proyecto econ\u00f3mico y ambiental que permitir\u00e1 la recuperaci\u00f3n de cerca de 2 millones de metros cuadrados de terrenos abandonados en plena serra de la Calderona con el objetivo de destinarlos, en un futuro, al cultivo de productos agr\u00edcolas y, paralelamente, se fomentar\u00e1 la actividad tur\u00edstica en el municipio como fuente de creaci\u00f3n de empleo y dinamizaci\u00f3n a trav\u00e9s de la rehabilitaci\u00f3n del barranc de Marianet.  <\/p>\n<p>\tLa iniciativa del consistorio de Serra pasa por la puesta en marcha de un plan p\u00fablico mediante la intervenci\u00f3n en las conocidas partidas de R\u00eda y Toixima, en la Calderona, cuyas parcelas agr\u00edcolas se encuentran abandonadas desde hace a\u00f1os por sus propietarios por la falta de ayudas por parte de la Generalitat y la Uni\u00f3n Europea y que suponen un peligro de enorme magnitud sobre la masa forestal existente al tiempo que frenan el crecimiento econ\u00f3mico a pesar de los recursos ambientales que posee. <\/p>\n<p>\tPor ello, una de las primeras respuestas de este ayuntamiento del Camp de T\u00faria consistir\u00e1 en la limpieza y adecuaci\u00f3n de aquellos campos de cultivo abandonados a trav\u00e9s de planes de empleo que, posteriormente, se ceder\u00e1n a aquellas familias interesadas mediante cesiones de uso. Adem\u00e1s, se pondr\u00e1 en funcionamiento la limpieza del conocido barranc de Marianet-Balsa de Sant Antoni cuya abundante agua en su cauce supondr\u00e1 un motor de desarrollo para abastecer los campos de cultivo aut\u00f3ctonos <\/p>\n<p>\tEl proyecto contempla la interconexi\u00f3n de las zonas del barranc de Marianet con las \u00e1reas agr\u00edcolas de R\u00eda y Toixima de forma que entre ambas se apliquen f\u00f3rmulas de cultivo de productos agr\u00edcolas sostenibles para el ecosistema de Serra, con la creaci\u00f3n de una escuela taller de car\u00e1cter permanente de agricultores que dar\u00e1 empleo a los habitantes de la localidad al tiempo que actuar\u00e1 como motor de desarrollo socioecon\u00f3mico, especialmente entre las clases m\u00e1s castigadas por el paro.<br \/>\n\tEl alcalde de Serra, Xavier Arnal, del PSPV, ha afirmado que este proyecto \u00abes esencial para el desarrollo y la supervivencia de nuestro municipio lastrado por la falta de subvenciones y ayudas de la Generalitat y del gobierno de Rajoy de forma que debemos reinventarnos a trav\u00e9s de la agricultura aprovechando los grandes recursos naturales de los que dispone la Calderona a pesar de las restricciones legales, adem\u00e1s de que fomentamos los atractivos tur\u00edsticos para completar nuevas formas de creaci\u00f3n de riqueza y, por tanto, mayor empleo entre nuestros habitantes\u00bb. <\/p>\n<p>\tEl ayuntamiento auspiciar\u00e1 la creaci\u00f3n de una asociaci\u00f3n de agricultores en Serra como interlocutor ante las administraciones local, auton\u00f3mica, estatal y europea con el m\u00e1ximo objetivo de obtener el m\u00e1ximo de ayudas y subvenciones para llevar a cabo su actividad econ\u00f3mica, especialmente en materia de producci\u00f3n, seguros para los cultivos y ventajas fiscales para los emprendedores locales. <\/p>\n<p>\tPor \u00faltimo, la distribuci\u00f3n de los productos agr\u00edcolas centrar\u00e1n buena parte de la estrategia del plan de recuperaci\u00f3n agr\u00edcola a trav\u00e9s de la creaci\u00f3n de la denominaci\u00f3n de origen de Serra para reconocer la calidad de los productos obtenidos en las cosechas y su obtenci\u00f3n mediante t\u00e9cnicas tradicionales y ecol\u00f3gicos como un valor a\u00f1adido ante los potenciales compradores. La presencia de estos productos en ferias, concentraciones, asambleas y todo tipo de actividades del turismo de interior ejercer\u00e1n como principal activo de la econom\u00eda de Serra en el mercado.  <\/p>\n","protected":false},"excerpt":{"rendered":"<div class=\"mh-excerpt\">El Ayuntamiento de Serra ha iniciado un ambicioso proyecto econ\u00f3mico y ambiental que permitir\u00e1 la recuperaci\u00f3n de cerca de 2 millones de metros cuadrados de terrenos abandonados en plena serra de la Calderona con el <a class=\"mh-excerpt-more\" href=\"https:\/\/www.tucomarca.com\/wordpress\/segunda\/serra-recupera-2-millones-de-metros-cuadrados-de-terrenos-abandonados-en-la-calderona-para-destinarlos-a-cultivo-agricola\/\" title=\"Serra recupera 2 millones de metros cuadrados de terrenos abandonados en La Calderona para destinarlos a cultivo agr\u00edcola\">[+] <\/a><\/div>\n","protected":false},"author":2,"featured_media":0,"comment_status":"open","ping_status":"open","sticky":false,"template":"","format":"standard","meta":{"footnotes":""},"categories":[46,8,117,3,76],"tags":[],"class_list":{"0":"post-34346","1":"post","2":"type-post","3":"status-publish","4":"format-standard","6":"category-camp-de-turia","7":"category-la-comarca","8":"category-medio-ambiente-la-comarca","9":"category-seccion","10":"category-serra"},"_links":{"self":[{"href":"https:\/\/www.tucomarca.com\/wordpress\/segunda\/wp-json\/wp\/v2\/posts\/34346","targetHints":{"allow":["GET"]}}],"collection":[{"href":"https:\/\/www.tucomarca.com\/wordpress\/segunda\/wp-json\/wp\/v2\/posts"}],"about":[{"href":"https:\/\/www.tucomarca.com\/wordpress\/segunda\/wp-json\/wp\/v2\/types\/post"}],"author":[{"embeddable":true,"href":"https:\/\/www.tucomarca.com\/wordpress\/segunda\/wp-json\/wp\/v2\/users\/2"}],"replies":[{"embeddable":true,"href":"https:\/\/www.tucomarca.com\/wordpress\/segunda\/wp-json\/wp\/v2\/comments?post=34346"}],"version-history":[{"count":0,"href":"https:\/\/www.tucomarca.com\/wordpress\/segunda\/wp-json\/wp\/v2\/posts\/34346\/revisions"}],"wp:attachment":[{"href":"https:\/\/www.tucomarca.com\/wordpress\/segunda\/wp-json\/wp\/v2\/media?parent=34346"}],"wp:term":[{"taxonomy":"category","embeddable":true,"href":"https:\/\/www.tucomarca.com\/wordpress\/segunda\/wp-json\/wp\/v2\/categories?post=34346"},{"taxonomy":"post_tag","embeddable":true,"href":"https:\/\/www.tucomarca.com\/wordpress\/segunda\/wp-json\/wp\/v2\/tags?post=34346"}],"curies":[{"name":"wp","href":"https:\/\/api.w.org\/{rel}","templated":true}]}}