{"id":34351,"date":"2015-02-26T11:53:27","date_gmt":"2015-02-26T08:53:27","guid":{"rendered":"http:\/\/www.tucomarca.com\/wordpress\/segunda\/?p=34351"},"modified":"2015-02-26T11:53:32","modified_gmt":"2015-02-26T08:53:32","slug":"la-banda-juvenil-de-los-feos-de-bunol-y-la-banda-ciudad-de-burgos-ofrecen-un-entretenido-concierto-en-el-montecarlo","status":"publish","type":"post","link":"https:\/\/www.tucomarca.com\/wordpress\/segunda\/la-banda-juvenil-de-los-feos-de-bunol-y-la-banda-ciudad-de-burgos-ofrecen-un-entretenido-concierto-en-el-montecarlo\/","title":{"rendered":"La Banda Juvenil de \u00abLos Feos\u00bb de Bu\u00f1ol y la Banda Ciudad de Burgos ofrecen un entretenido concierto en el Montecarlo"},"content":{"rendered":"<p><a href=\"https:\/\/www.tucomarca.com\/wordpress\/segunda\/2015\/02\/la-banda-juvenil-de-los-feos-de-bunol-y-la-banda-ciudad-de-burgos-ofrecen-un-entretenido-concierto-en-el-montecarlo\/burgos-def\/\" rel=\"attachment wp-att-34352\"><img loading=\"lazy\" decoding=\"async\" src=\"https:\/\/www.tucomarca.com\/wordpress\/segunda\/wp-content\/uploads\/2015\/02\/Burgos-def-e1424940789683-300x143.jpg\" alt=\"\" title=\"Burgos def\" width=\"300\" height=\"143\" class=\"alignleft size-medium wp-image-34352\" srcset=\"https:\/\/www.tucomarca.com\/wordpress\/segunda\/wp-content\/uploads\/2015\/02\/Burgos-def-e1424940789683-300x143.jpg 300w, https:\/\/www.tucomarca.com\/wordpress\/segunda\/wp-content\/uploads\/2015\/02\/Burgos-def-e1424940789683-1024x490.jpg 1024w\" sizes=\"auto, (max-width: 300px) 100vw, 300px\" \/><\/a>Como public\u00f3 este semanario en su edici\u00f3n impresa, la Banda Ciudad de Burgos y la Banda Juvenil de la Sociedad Musical \u00abLa Art\u00edstica\u00bb de Bu\u00f1ol protagonizaron d\u00edas atr\u00e1s el segundo de los conciertos enmarcado en el intercambio acordado por ambas instituciones. La entrega musical aconteci\u00f3 en un ambientado teatro Montecarlo.<br \/>\nLa agrupaci\u00f3n burgalesa, dirigida por el m\u00fasico de \u00abLos Feos\u00bb Carlos Out\u00f3n, comenz\u00f3 su puesta en atril con el pasodoble A Mi Madre, de Roque Ba\u00f1os; para continuar con Kiowa, de Hugo Chinestra; y El Agua Prodigiosa, de Francisco Jos\u00e9 Mart\u00ednez Gallego.<br \/>\nTras los pertinentes agasajos, y despu\u00e9s de un breve receso, los j\u00f3venes m\u00fasicos de \u00abLa Art\u00edstica\u00bb cogieron el relevo para tocar piezas como La Art\u00edstica de Bu\u00f1ol, de Juan Bautista Meseguer; Pompeya (poema sinf\u00f3nico), de Hugo Chinestra; Firts Suite en mi bemol, de Gustav Holst; y Abra Cadabra, arreglo de Johan de Meij. En el cierre, la Banda Juvenil, que fue dirigida por su titular, Luis G\u00f3mez, interpret\u00f3 el Himno de los Feos.<\/p>\n","protected":false},"excerpt":{"rendered":"<div class=\"mh-excerpt\">Como public\u00f3 este semanario en su edici\u00f3n impresa, la Banda Ciudad de Burgos y la Banda Juvenil de la Sociedad Musical \u00abLa Art\u00edstica\u00bb de Bu\u00f1ol protagonizaron d\u00edas atr\u00e1s el segundo de los conciertos enmarcado en <a class=\"mh-excerpt-more\" href=\"https:\/\/www.tucomarca.com\/wordpress\/segunda\/la-banda-juvenil-de-los-feos-de-bunol-y-la-banda-ciudad-de-burgos-ofrecen-un-entretenido-concierto-en-el-montecarlo\/\" title=\"La Banda Juvenil de \u00abLos Feos\u00bb de Bu\u00f1ol y la Banda Ciudad de Burgos ofrecen un entretenido concierto en el Montecarlo\">[+] <\/a><\/div>\n","protected":false},"author":2,"featured_media":34352,"comment_status":"open","ping_status":"open","sticky":false,"template":"","format":"standard","meta":{"footnotes":""},"categories":[18,66,8,10,7,3],"tags":[7111,10385,95,307,735,7112],"class_list":{"0":"post-34351","1":"post","2":"type-post","3":"status-publish","4":"format-standard","5":"has-post-thumbnail","7":"category-bunol","8":"category-musica","9":"category-la-comarca","10":"category-la-hoya","11":"category-ocio-y-cultura","12":"category-seccion","13":"tag-banda-ciudad-de-burgos","14":"tag-bunol","15":"tag-concierto","16":"tag-intercambio","17":"tag-juvenil","18":"tag-los-feos"},"_links":{"self":[{"href":"https:\/\/www.tucomarca.com\/wordpress\/segunda\/wp-json\/wp\/v2\/posts\/34351","targetHints":{"allow":["GET"]}}],"collection":[{"href":"https:\/\/www.tucomarca.com\/wordpress\/segunda\/wp-json\/wp\/v2\/posts"}],"about":[{"href":"https:\/\/www.tucomarca.com\/wordpress\/segunda\/wp-json\/wp\/v2\/types\/post"}],"author":[{"embeddable":true,"href":"https:\/\/www.tucomarca.com\/wordpress\/segunda\/wp-json\/wp\/v2\/users\/2"}],"replies":[{"embeddable":true,"href":"https:\/\/www.tucomarca.com\/wordpress\/segunda\/wp-json\/wp\/v2\/comments?post=34351"}],"version-history":[{"count":0,"href":"https:\/\/www.tucomarca.com\/wordpress\/segunda\/wp-json\/wp\/v2\/posts\/34351\/revisions"}],"wp:featuredmedia":[{"embeddable":true,"href":"https:\/\/www.tucomarca.com\/wordpress\/segunda\/wp-json\/wp\/v2\/media\/34352"}],"wp:attachment":[{"href":"https:\/\/www.tucomarca.com\/wordpress\/segunda\/wp-json\/wp\/v2\/media?parent=34351"}],"wp:term":[{"taxonomy":"category","embeddable":true,"href":"https:\/\/www.tucomarca.com\/wordpress\/segunda\/wp-json\/wp\/v2\/categories?post=34351"},{"taxonomy":"post_tag","embeddable":true,"href":"https:\/\/www.tucomarca.com\/wordpress\/segunda\/wp-json\/wp\/v2\/tags?post=34351"}],"curies":[{"name":"wp","href":"https:\/\/api.w.org\/{rel}","templated":true}]}}