{"id":34447,"date":"2015-03-02T17:01:39","date_gmt":"2015-03-02T14:01:39","guid":{"rendered":"http:\/\/www.tucomarca.com\/wordpress\/segunda\/?p=34447"},"modified":"2015-03-02T17:01:43","modified_gmt":"2015-03-02T14:01:43","slug":"comienzan-las-fallas-en-utiel","status":"publish","type":"post","link":"https:\/\/www.tucomarca.com\/wordpress\/segunda\/comienzan-las-fallas-en-utiel\/","title":{"rendered":"Comienzan las Fallas en Utiel"},"content":{"rendered":"<p><figure id=\"attachment_34448\" aria-describedby=\"caption-attachment-34448\" style=\"width: 300px\" class=\"wp-caption alignleft\"><a href=\"https:\/\/www.tucomarca.com\/wordpress\/segunda\/2015\/03\/comienzan-las-fallas-en-utiel\/reinas-falleras-mayores-2015\/\" rel=\"attachment wp-att-34448\"><img loading=\"lazy\" decoding=\"async\" src=\"https:\/\/www.tucomarca.com\/wordpress\/segunda\/wp-content\/uploads\/2015\/03\/REINAS-FALLERAS-MAYORES-2015-300x149.jpg\" alt=\"\" title=\"REINAS FALLERAS MAYORES 2015\" width=\"300\" height=\"149\" class=\"size-medium wp-image-34448\" srcset=\"https:\/\/www.tucomarca.com\/wordpress\/segunda\/wp-content\/uploads\/2015\/03\/REINAS-FALLERAS-MAYORES-2015-300x149.jpg 300w, https:\/\/www.tucomarca.com\/wordpress\/segunda\/wp-content\/uploads\/2015\/03\/REINAS-FALLERAS-MAYORES-2015-1024x509.jpg 1024w, https:\/\/www.tucomarca.com\/wordpress\/segunda\/wp-content\/uploads\/2015\/03\/REINAS-FALLERAS-MAYORES-2015.jpg 1225w\" sizes=\"auto, (max-width: 300px) 100vw, 300px\" \/><\/a><figcaption id=\"caption-attachment-34448\" class=\"wp-caption-text\">Puesta de largo de las Falleras Mayores de Utiel. tc.c<\/figcaption><\/figure>El pasado s\u00e1bado 28 de febrero comenzaron oficialmente las Fallas 2015 en Utiel. Tras el pasacalles de los falleros, se celebr\u00f3 la tradicional crida desde el balc\u00f3n del Ayuntamiento, donde las Reinas Falleras animaron a todos los utielanos a participar y disfrutar de estas fiestas.<br \/>\nAnteriormente, se inaugur\u00f3 la Exposici\u00f3n del Ninot que muestra las obras realizadas por las Fallas utielanas que optan a ser elegida \u201cMejor Ninot 2015\u201d, en las categor\u00edas adulto e infantil. Se podr\u00e1 visitar hasta el 13 de marzo en el vest\u00edbulo del Ayuntamiento en horario de ma\u00f1anas. Tambi\u00e9n se present\u00f3 el \u201cCartel Anunciador de Fallas 2015\u201d, Emilia P\u00e9rez Serrano ha sido la ganadora del Concurso del Cartel este a\u00f1o.<br \/>\nTras el comienzo oficial de las Fallas, se procedi\u00f3 a la elecci\u00f3n de las Falleras Mayores en el Sal\u00f3n de Actos de la Casa de la Cultura. Fueron elegidas Luc\u00eda Garc\u00eda N\u00fa\u00f1ez Fallera Mayor de Utiel 2015, y Fallera Mayor Infantil, In\u00e9s Yuste Latorre, tras un emotivo acto presidido por los presidentes de las Comisiones Falleras, la Junta Local, la Concejal\u00eda de Festejos y las Reinas Falleras salientes.<\/p>\n","protected":false},"excerpt":{"rendered":"<div class=\"mh-excerpt\">El pasado s\u00e1bado 28 de febrero comenzaron oficialmente las Fallas 2015 en Utiel. Tras el pasacalles de los falleros, se celebr\u00f3 la tradicional crida desde el balc\u00f3n del Ayuntamiento, donde las Reinas Falleras animaron a <a class=\"mh-excerpt-more\" href=\"https:\/\/www.tucomarca.com\/wordpress\/segunda\/comienzan-las-fallas-en-utiel\/\" title=\"Comienzan las Fallas en Utiel\">[+] <\/a><\/div>\n","protected":false},"author":2,"featured_media":34448,"comment_status":"open","ping_status":"open","sticky":false,"template":"","format":"standard","meta":{"footnotes":""},"categories":[8,27,3,29],"tags":[6769,80,763,1581,1679,10389],"class_list":{"0":"post-34447","1":"post","2":"type-post","3":"status-publish","4":"format-standard","5":"has-post-thumbnail","7":"category-la-comarca","8":"category-requena-utiel","9":"category-seccion","10":"category-utiel","11":"tag-comienzan","12":"tag-fallas","13":"tag-falleras","14":"tag-presnetacion","15":"tag-reinas","16":"tag-utiel"},"_links":{"self":[{"href":"https:\/\/www.tucomarca.com\/wordpress\/segunda\/wp-json\/wp\/v2\/posts\/34447","targetHints":{"allow":["GET"]}}],"collection":[{"href":"https:\/\/www.tucomarca.com\/wordpress\/segunda\/wp-json\/wp\/v2\/posts"}],"about":[{"href":"https:\/\/www.tucomarca.com\/wordpress\/segunda\/wp-json\/wp\/v2\/types\/post"}],"author":[{"embeddable":true,"href":"https:\/\/www.tucomarca.com\/wordpress\/segunda\/wp-json\/wp\/v2\/users\/2"}],"replies":[{"embeddable":true,"href":"https:\/\/www.tucomarca.com\/wordpress\/segunda\/wp-json\/wp\/v2\/comments?post=34447"}],"version-history":[{"count":0,"href":"https:\/\/www.tucomarca.com\/wordpress\/segunda\/wp-json\/wp\/v2\/posts\/34447\/revisions"}],"wp:featuredmedia":[{"embeddable":true,"href":"https:\/\/www.tucomarca.com\/wordpress\/segunda\/wp-json\/wp\/v2\/media\/34448"}],"wp:attachment":[{"href":"https:\/\/www.tucomarca.com\/wordpress\/segunda\/wp-json\/wp\/v2\/media?parent=34447"}],"wp:term":[{"taxonomy":"category","embeddable":true,"href":"https:\/\/www.tucomarca.com\/wordpress\/segunda\/wp-json\/wp\/v2\/categories?post=34447"},{"taxonomy":"post_tag","embeddable":true,"href":"https:\/\/www.tucomarca.com\/wordpress\/segunda\/wp-json\/wp\/v2\/tags?post=34447"}],"curies":[{"name":"wp","href":"https:\/\/api.w.org\/{rel}","templated":true}]}}