{"id":34451,"date":"2015-03-02T18:39:36","date_gmt":"2015-03-02T15:39:36","guid":{"rendered":"http:\/\/www.tucomarca.com\/wordpress\/segunda\/?p=34451"},"modified":"2015-03-02T18:39:36","modified_gmt":"2015-03-02T15:39:36","slug":"nuevo-exito-del-club-de-petanca-de-benifaio","status":"publish","type":"post","link":"https:\/\/www.tucomarca.com\/wordpress\/segunda\/nuevo-exito-del-club-de-petanca-de-benifaio\/","title":{"rendered":"Nuevo \u00e9xito del Club de Petanca de Benifai\u00f3"},"content":{"rendered":"<p>El Club Deportivo Petanca Benifai\u00f3 sigue cosechando nuevos \u00e9xitos deportivos en competici\u00f3n. El pasado fin de semana, en la categor\u00eda f\u00e9minas, el club consigui\u00f3 el t\u00edtulo de Campeonas de la previa de Alicante, un trofeo que les da la plaza para concursar en el Campeonato Nacional Ciudad de Alicante a disputar el pr\u00f3ximo mes de mayo con el equipo formado por las jugadoras Noelia Delgado, Noelia Grande y Almudena Garrido .<br \/>\nTambi\u00e9n destacar el gran torneo realizado en  subcampeonato en Alicante por el equipo senior que, aunque no consigui\u00f3 la plaza finalmente para el nacional, demostr\u00f3 que esta a un gran nivel de competici\u00f3n con los jugadores  Francisco Iborra, Ivan Lopez y Jose Navarro.<br \/>\nSe\u00f1alar que el pasado s\u00e1bado falleci\u00f3 el presidente del Club Deportivo Petanca Benifai\u00f3, Vicente Ballester Ull. Ante este hecho, y seg\u00fan se\u00f1alan desde el club: \u201cEstos nuevos \u00e9xitos deportivos sin ning\u00fan lugar a duda van dedicados en especial en esta fecha a nuestro presidente del club Vicente Ballester Ull que falleci\u00f3 este s\u00e1bado 28 de febrero, desde el club indicamos que fue un presidente excepcional y una persona admirada por todos los estamentos deportivos y que a trav\u00e9s de su experiencia y buen hacer hemos compartido y agradecido su labor hecha al club y al deporte de la petanca , siempre estar\u00e1 en nuestros corazones\u201d.<\/p>\n","protected":false},"excerpt":{"rendered":"<div class=\"mh-excerpt\">El Club Deportivo Petanca Benifai\u00f3 sigue cosechando nuevos \u00e9xitos deportivos en competici\u00f3n. El pasado fin de semana, en la categor\u00eda f\u00e9minas, el club consigui\u00f3 el t\u00edtulo de Campeonas de la previa de Alicante, un trofeo <a class=\"mh-excerpt-more\" href=\"https:\/\/www.tucomarca.com\/wordpress\/segunda\/nuevo-exito-del-club-de-petanca-de-benifaio\/\" title=\"Nuevo \u00e9xito del Club de Petanca de Benifai\u00f3\">[+] <\/a><\/div>\n","protected":false},"author":2,"featured_media":0,"comment_status":"open","ping_status":"open","sticky":false,"template":"","format":"standard","meta":{"footnotes":""},"categories":[267,6,8,42,199,3],"tags":[10460,1615,1466,1840],"class_list":{"0":"post-34451","1":"post","2":"type-post","3":"status-publish","4":"format-standard","6":"category-benifaio","7":"category-deportes","8":"category-la-comarca","9":"category-la-ribera","10":"category-polideportivo","11":"category-seccion","12":"tag-benifaio","13":"tag-club","14":"tag-exito","15":"tag-petanca"},"_links":{"self":[{"href":"https:\/\/www.tucomarca.com\/wordpress\/segunda\/wp-json\/wp\/v2\/posts\/34451","targetHints":{"allow":["GET"]}}],"collection":[{"href":"https:\/\/www.tucomarca.com\/wordpress\/segunda\/wp-json\/wp\/v2\/posts"}],"about":[{"href":"https:\/\/www.tucomarca.com\/wordpress\/segunda\/wp-json\/wp\/v2\/types\/post"}],"author":[{"embeddable":true,"href":"https:\/\/www.tucomarca.com\/wordpress\/segunda\/wp-json\/wp\/v2\/users\/2"}],"replies":[{"embeddable":true,"href":"https:\/\/www.tucomarca.com\/wordpress\/segunda\/wp-json\/wp\/v2\/comments?post=34451"}],"version-history":[{"count":0,"href":"https:\/\/www.tucomarca.com\/wordpress\/segunda\/wp-json\/wp\/v2\/posts\/34451\/revisions"}],"wp:attachment":[{"href":"https:\/\/www.tucomarca.com\/wordpress\/segunda\/wp-json\/wp\/v2\/media?parent=34451"}],"wp:term":[{"taxonomy":"category","embeddable":true,"href":"https:\/\/www.tucomarca.com\/wordpress\/segunda\/wp-json\/wp\/v2\/categories?post=34451"},{"taxonomy":"post_tag","embeddable":true,"href":"https:\/\/www.tucomarca.com\/wordpress\/segunda\/wp-json\/wp\/v2\/tags?post=34451"}],"curies":[{"name":"wp","href":"https:\/\/api.w.org\/{rel}","templated":true}]}}