{"id":3448,"date":"2012-06-13T17:27:25","date_gmt":"2012-06-13T15:27:25","guid":{"rendered":"http:\/\/www.tucomarca.com\/wordpress\/segunda\/?p=3448"},"modified":"2012-06-13T17:31:37","modified_gmt":"2012-06-13T15:31:37","slug":"retransmision-en-directo-del-pleno-del-ayuntamiento-de-bunol-hoy-miercoles-a-partir-de-las-1900-horas-por-tucomarca-television","status":"publish","type":"post","link":"https:\/\/www.tucomarca.com\/wordpress\/segunda\/retransmision-en-directo-del-pleno-del-ayuntamiento-de-bunol-hoy-miercoles-a-partir-de-las-1900-horas-por-tucomarca-television\/","title":{"rendered":"Retransmisi\u00f3n en directo del pleno del Ayuntamiento de Bu\u00f1ol, hoy mi\u00e9rcoles a partir de las 19,00 horas, por tucomarca televisi\u00f3n"},"content":{"rendered":"<p>&nbsp;<\/p>\n<p>No os perd\u00e1is la retransmisi\u00f3n en directo por tucomarca televisi\u00f3n de la sesi\u00f3n plenaria extraordinaria del Ayuntamiento de Bu\u00f1ol en la qude se va a abordar la aprobaci\u00f3n, o no, del Plan de Ajuste Municipal elevado a pleno por el gobierno local \u2014EU, PSOE, IA\u2014 que viene precedida de toda una serie de reuniones entre gobierno y oposici\u00f3n para alcanzar un acuerdo que no obstante no ha estado exenta de pol\u00e9mica y de cruce de acusaciones durante los \u00faltimos d\u00edas.<\/p>\n<p>Ser\u00e1 aqu\u00ed mismo, en tucomarca televisi\u00f3n, a partir de las 19,00 horas de hoy mi\u00e9rcoles, 13 de junio de 2012.<\/p>\n","protected":false},"excerpt":{"rendered":"<div class=\"mh-excerpt\">&nbsp; No os perd\u00e1is la retransmisi\u00f3n en directo por tucomarca televisi\u00f3n de la sesi\u00f3n plenaria extraordinaria del Ayuntamiento de Bu\u00f1ol en la qude se va a abordar la aprobaci\u00f3n, o no, del Plan de Ajuste <a class=\"mh-excerpt-more\" href=\"https:\/\/www.tucomarca.com\/wordpress\/segunda\/retransmision-en-directo-del-pleno-del-ayuntamiento-de-bunol-hoy-miercoles-a-partir-de-las-1900-horas-por-tucomarca-television\/\" title=\"Retransmisi\u00f3n en directo del pleno del Ayuntamiento de Bu\u00f1ol, hoy mi\u00e9rcoles a partir de las 19,00 horas, por tucomarca televisi\u00f3n\">[+] <\/a><\/div>\n","protected":false},"author":1,"featured_media":0,"comment_status":"open","ping_status":"open","sticky":false,"template":"","format":"standard","meta":{"footnotes":""},"categories":[18,8,10,142,3],"tags":[],"class_list":{"0":"post-3448","1":"post","2":"type-post","3":"status-publish","4":"format-standard","6":"category-bunol","7":"category-la-comarca","8":"category-la-hoya","9":"category-politica-la-comarca","10":"category-seccion"},"_links":{"self":[{"href":"https:\/\/www.tucomarca.com\/wordpress\/segunda\/wp-json\/wp\/v2\/posts\/3448","targetHints":{"allow":["GET"]}}],"collection":[{"href":"https:\/\/www.tucomarca.com\/wordpress\/segunda\/wp-json\/wp\/v2\/posts"}],"about":[{"href":"https:\/\/www.tucomarca.com\/wordpress\/segunda\/wp-json\/wp\/v2\/types\/post"}],"author":[{"embeddable":true,"href":"https:\/\/www.tucomarca.com\/wordpress\/segunda\/wp-json\/wp\/v2\/users\/1"}],"replies":[{"embeddable":true,"href":"https:\/\/www.tucomarca.com\/wordpress\/segunda\/wp-json\/wp\/v2\/comments?post=3448"}],"version-history":[{"count":0,"href":"https:\/\/www.tucomarca.com\/wordpress\/segunda\/wp-json\/wp\/v2\/posts\/3448\/revisions"}],"wp:attachment":[{"href":"https:\/\/www.tucomarca.com\/wordpress\/segunda\/wp-json\/wp\/v2\/media?parent=3448"}],"wp:term":[{"taxonomy":"category","embeddable":true,"href":"https:\/\/www.tucomarca.com\/wordpress\/segunda\/wp-json\/wp\/v2\/categories?post=3448"},{"taxonomy":"post_tag","embeddable":true,"href":"https:\/\/www.tucomarca.com\/wordpress\/segunda\/wp-json\/wp\/v2\/tags?post=3448"}],"curies":[{"name":"wp","href":"https:\/\/api.w.org\/{rel}","templated":true}]}}