{"id":3457,"date":"2012-06-13T21:25:35","date_gmt":"2012-06-13T19:25:35","guid":{"rendered":"http:\/\/www.tucomarca.com\/wordpress\/segunda\/?p=3457"},"modified":"2012-06-13T21:53:18","modified_gmt":"2012-06-13T19:53:18","slug":"pp-y-no-adscritos-rechazan-de-nuevo-con-sus-votos-la-aprobacion-del-plan-de-ajuste-del-gobierno-de-bunol-eu-psoe-e-ia","status":"publish","type":"post","link":"https:\/\/www.tucomarca.com\/wordpress\/segunda\/pp-y-no-adscritos-rechazan-de-nuevo-con-sus-votos-la-aprobacion-del-plan-de-ajuste-del-gobierno-de-bunol-eu-psoe-e-ia\/","title":{"rendered":"PP y no adscritos rechazan de nuevo con sus votos la aprobaci\u00f3n del Plan de Ajuste del gobierno de Bu\u00f1ol (EU, PSOE e IA)"},"content":{"rendered":"<p>Los siete votos de los ediles del Partido Popular junto a los dos de los concejales no adscritos \u2014los dos ediles expulsados de EU\u2014 han servido para, de nuevo, rechazar el Plan de Ajuste municipal elevado a pleno por el equipo de gobierno de Bu\u00f1ol \u2014EU, PSOE e IA\u2014, que se encuentra en minor\u00eda con s\u00f3lo ocho votos. Una votaci\u00f3n que ha tenido lugar durante la sesi\u00f3n plenaria extraordinaria desarrollada esta tarde de mi\u00e9rcoles en la localidad y que ha finalizado pasadas las nueve de la noche.<\/p>\n<p>Un sesi\u00f3n plenaria que ha vuelto a ser retransmitida en directo por <strong>tucomarca televisi\u00f3n<\/strong>, y que pueden volver a visionar a trav\u00e9s de nuestro canal de televisi\u00f3n a la carta o de Youtube.<\/p>\n<p>M\u00e1s informaci\u00f3n e im\u00e1genes, en la edici\u00f3n impresa de <strong>tucomarca.com<\/strong> de esta semana (n\u00ba 453) a partir de este jueves en todos los kioscos de la comarca.<\/p>\n","protected":false},"excerpt":{"rendered":"<div class=\"mh-excerpt\">Los siete votos de los ediles del Partido Popular junto a los dos de los concejales no adscritos \u2014los dos ediles expulsados de EU\u2014 han servido para, de nuevo, rechazar el Plan de Ajuste municipal <a class=\"mh-excerpt-more\" href=\"https:\/\/www.tucomarca.com\/wordpress\/segunda\/pp-y-no-adscritos-rechazan-de-nuevo-con-sus-votos-la-aprobacion-del-plan-de-ajuste-del-gobierno-de-bunol-eu-psoe-e-ia\/\" title=\"PP y no adscritos rechazan de nuevo con sus votos la aprobaci\u00f3n del Plan de Ajuste del gobierno de Bu\u00f1ol (EU, PSOE e IA)\">[+] <\/a><\/div>\n","protected":false},"author":1,"featured_media":0,"comment_status":"open","ping_status":"open","sticky":false,"template":"","format":"standard","meta":{"footnotes":""},"categories":[18,8,10,142,3,26],"tags":[],"class_list":{"0":"post-3457","1":"post","2":"type-post","3":"status-publish","4":"format-standard","6":"category-bunol","7":"category-la-comarca","8":"category-la-hoya","9":"category-politica-la-comarca","10":"category-seccion","11":"category-video"},"_links":{"self":[{"href":"https:\/\/www.tucomarca.com\/wordpress\/segunda\/wp-json\/wp\/v2\/posts\/3457","targetHints":{"allow":["GET"]}}],"collection":[{"href":"https:\/\/www.tucomarca.com\/wordpress\/segunda\/wp-json\/wp\/v2\/posts"}],"about":[{"href":"https:\/\/www.tucomarca.com\/wordpress\/segunda\/wp-json\/wp\/v2\/types\/post"}],"author":[{"embeddable":true,"href":"https:\/\/www.tucomarca.com\/wordpress\/segunda\/wp-json\/wp\/v2\/users\/1"}],"replies":[{"embeddable":true,"href":"https:\/\/www.tucomarca.com\/wordpress\/segunda\/wp-json\/wp\/v2\/comments?post=3457"}],"version-history":[{"count":0,"href":"https:\/\/www.tucomarca.com\/wordpress\/segunda\/wp-json\/wp\/v2\/posts\/3457\/revisions"}],"wp:attachment":[{"href":"https:\/\/www.tucomarca.com\/wordpress\/segunda\/wp-json\/wp\/v2\/media?parent=3457"}],"wp:term":[{"taxonomy":"category","embeddable":true,"href":"https:\/\/www.tucomarca.com\/wordpress\/segunda\/wp-json\/wp\/v2\/categories?post=3457"},{"taxonomy":"post_tag","embeddable":true,"href":"https:\/\/www.tucomarca.com\/wordpress\/segunda\/wp-json\/wp\/v2\/tags?post=3457"}],"curies":[{"name":"wp","href":"https:\/\/api.w.org\/{rel}","templated":true}]}}