{"id":34600,"date":"2015-03-06T13:47:47","date_gmt":"2015-03-06T10:47:47","guid":{"rendered":"http:\/\/www.tucomarca.com\/wordpress\/segunda\/?p=34600"},"modified":"2015-03-06T13:47:47","modified_gmt":"2015-03-06T10:47:47","slug":"entrega-de-los-premios-del-segundo-campeonato-despierta-en-alzira","status":"publish","type":"post","link":"https:\/\/www.tucomarca.com\/wordpress\/segunda\/entrega-de-los-premios-del-segundo-campeonato-despierta-en-alzira\/","title":{"rendered":"Entrega de los premios del segundo Campeonato Despierta en Alzira"},"content":{"rendered":"<p>La Casa de la Cultura de Alzira acogi\u00f3 el pasado mi\u00e9rcoles 4 de marzo la entrega de los premios del II Campeonato Despierta, en la que fueron galardonados 46 estudiantes de diversos centros de educaci\u00f3n primaria de la Ribera. El Programa Despierta, cl\u00ednica de pedagog\u00eda, psicolog\u00eda y logopedia, ha organizado este Campeonato dirigido a centros de educaci\u00f3n primaria con el objetivo de fomentar y detectar las aptitudes del alumnado.<br \/>\nAl acto de entrega de premios asisti\u00f3 Anabel Ju\u00e1rez, Concejal de Educaci\u00f3n del Ayuntamiento de Alzira, que reconoci\u00f3 la importancia de la detecci\u00f3n y el est\u00edmulo de los talentos de los ni\u00f1os y en especial de aquellos que presentan altas capacidades.<br \/>\nEl Programa Despierta constituye un modelo de intervenci\u00f3n propio de un equipo de investigadores, que parte del perfil de cada ni\u00f1o o ni\u00f1a, como punto de partida para la intervenci\u00f3n con ellas. Por un lado, pretende llevar a cabo una estimulaci\u00f3n cognitiva de las distintas capacidades del alumnado. Entendemos la estimulaci\u00f3n cognitiva como la aplicaci\u00f3n de un conjunto de medios, t\u00e9cnicas y actividades, que partiendo de un marco te\u00f3rico cient\u00edfico, se aplica de forma sistematizada con la mayor precocidad posible. No obstante, el aspecto cognitivo no es el \u00fanico eje del Programa, pues las distintas \u00e1reas del desarrollo de cada ni\u00f1o y ni\u00f1a, adquieren la misma relevancia, en especial, cuando alguna de \u00e9stas, se encuentra en un nivel inferior y existe riesgo de un desarrollo de desincron\u00eda. Los colegios participantes en el II Campeonato Despierta han sido trece: Escolapios de Algemes\u00ed; La Devesa de Carlet; Escola El Jard\u00ed de Sueca; Colegio Inmaculada Concepci\u00f3n de Cullera; CEIP Garc\u00eda Lorca de Alzira; Colegio La Pur\u00edsima de Alzira; CEIP Pare Gumilla de C\u00e0rcer; CEIP Ausi\u00e0s March de Alzira; Maristas de Cullera; Colegio Santos Patronos de Alzira; Colegio San Antonio de Padua de Carcaixent y CEIP Pepita Greus de A, y el el CEIP El Convent de Alberic.<\/p>\n","protected":false},"excerpt":{"rendered":"<div class=\"mh-excerpt\">La Casa de la Cultura de Alzira acogi\u00f3 el pasado mi\u00e9rcoles 4 de marzo la entrega de los premios del II Campeonato Despierta, en la que fueron galardonados 46 estudiantes de diversos centros de educaci\u00f3n <a class=\"mh-excerpt-more\" href=\"https:\/\/www.tucomarca.com\/wordpress\/segunda\/entrega-de-los-premios-del-segundo-campeonato-despierta-en-alzira\/\" title=\"Entrega de los premios del segundo Campeonato Despierta en Alzira\">[+] <\/a><\/div>\n","protected":false},"author":2,"featured_media":0,"comment_status":"open","ping_status":"open","sticky":false,"template":"","format":"standard","meta":{"footnotes":""},"categories":[69,8,42,3],"tags":[10402,1408,7196,577],"class_list":{"0":"post-34600","1":"post","2":"type-post","3":"status-publish","4":"format-standard","6":"category-alzira","7":"category-la-comarca","8":"category-la-ribera","9":"category-seccion","10":"tag-alzira","11":"tag-colegios","12":"tag-despierta","13":"tag-premios"},"_links":{"self":[{"href":"https:\/\/www.tucomarca.com\/wordpress\/segunda\/wp-json\/wp\/v2\/posts\/34600","targetHints":{"allow":["GET"]}}],"collection":[{"href":"https:\/\/www.tucomarca.com\/wordpress\/segunda\/wp-json\/wp\/v2\/posts"}],"about":[{"href":"https:\/\/www.tucomarca.com\/wordpress\/segunda\/wp-json\/wp\/v2\/types\/post"}],"author":[{"embeddable":true,"href":"https:\/\/www.tucomarca.com\/wordpress\/segunda\/wp-json\/wp\/v2\/users\/2"}],"replies":[{"embeddable":true,"href":"https:\/\/www.tucomarca.com\/wordpress\/segunda\/wp-json\/wp\/v2\/comments?post=34600"}],"version-history":[{"count":0,"href":"https:\/\/www.tucomarca.com\/wordpress\/segunda\/wp-json\/wp\/v2\/posts\/34600\/revisions"}],"wp:attachment":[{"href":"https:\/\/www.tucomarca.com\/wordpress\/segunda\/wp-json\/wp\/v2\/media?parent=34600"}],"wp:term":[{"taxonomy":"category","embeddable":true,"href":"https:\/\/www.tucomarca.com\/wordpress\/segunda\/wp-json\/wp\/v2\/categories?post=34600"},{"taxonomy":"post_tag","embeddable":true,"href":"https:\/\/www.tucomarca.com\/wordpress\/segunda\/wp-json\/wp\/v2\/tags?post=34600"}],"curies":[{"name":"wp","href":"https:\/\/api.w.org\/{rel}","templated":true}]}}