{"id":34651,"date":"2015-03-06T20:51:10","date_gmt":"2015-03-06T17:51:10","guid":{"rendered":"http:\/\/www.tucomarca.com\/wordpress\/segunda\/?p=34651"},"modified":"2015-03-06T20:51:10","modified_gmt":"2015-03-06T17:51:10","slug":"inauguracion-del-mural-de-la-epa-de-chiva","status":"publish","type":"post","link":"https:\/\/www.tucomarca.com\/wordpress\/segunda\/inauguracion-del-mural-de-la-epa-de-chiva\/","title":{"rendered":"Inauguraci\u00f3n del mural de la EPA de Chiva"},"content":{"rendered":"<p>Este s\u00e1bado 7 de marzo, a las 11,00 horas, el parque Germ\u00e1n Gaudisa (frente a la estaci\u00f3n Renfe) acoger\u00e1 la inauguraci\u00f3n del Mural realizado por los alumnos del Taller de Pintura al \u00d3leo de la EPA.<\/p>\n","protected":false},"excerpt":{"rendered":"<div class=\"mh-excerpt\">Este s\u00e1bado 7 de marzo, a las 11,00 horas, el parque Germ\u00e1n Gaudisa (frente a la estaci\u00f3n Renfe) acoger\u00e1 la inauguraci\u00f3n del Mural realizado por los alumnos del Taller de Pintura al \u00d3leo de la <a class=\"mh-excerpt-more\" href=\"https:\/\/www.tucomarca.com\/wordpress\/segunda\/inauguracion-del-mural-de-la-epa-de-chiva\/\" title=\"Inauguraci\u00f3n del mural de la EPA de Chiva\">[+] <\/a><\/div>\n","protected":false},"author":2,"featured_media":0,"comment_status":"open","ping_status":"open","sticky":false,"template":"","format":"standard","meta":{"footnotes":""},"categories":[4,3],"tags":[10384,4091,7212],"class_list":{"0":"post-34651","1":"post","2":"type-post","3":"status-publish","4":"format-standard","6":"category-agenda","7":"category-seccion","8":"tag-chiva","9":"tag-epa","10":"tag-mural"},"_links":{"self":[{"href":"https:\/\/www.tucomarca.com\/wordpress\/segunda\/wp-json\/wp\/v2\/posts\/34651","targetHints":{"allow":["GET"]}}],"collection":[{"href":"https:\/\/www.tucomarca.com\/wordpress\/segunda\/wp-json\/wp\/v2\/posts"}],"about":[{"href":"https:\/\/www.tucomarca.com\/wordpress\/segunda\/wp-json\/wp\/v2\/types\/post"}],"author":[{"embeddable":true,"href":"https:\/\/www.tucomarca.com\/wordpress\/segunda\/wp-json\/wp\/v2\/users\/2"}],"replies":[{"embeddable":true,"href":"https:\/\/www.tucomarca.com\/wordpress\/segunda\/wp-json\/wp\/v2\/comments?post=34651"}],"version-history":[{"count":0,"href":"https:\/\/www.tucomarca.com\/wordpress\/segunda\/wp-json\/wp\/v2\/posts\/34651\/revisions"}],"wp:attachment":[{"href":"https:\/\/www.tucomarca.com\/wordpress\/segunda\/wp-json\/wp\/v2\/media?parent=34651"}],"wp:term":[{"taxonomy":"category","embeddable":true,"href":"https:\/\/www.tucomarca.com\/wordpress\/segunda\/wp-json\/wp\/v2\/categories?post=34651"},{"taxonomy":"post_tag","embeddable":true,"href":"https:\/\/www.tucomarca.com\/wordpress\/segunda\/wp-json\/wp\/v2\/tags?post=34651"}],"curies":[{"name":"wp","href":"https:\/\/api.w.org\/{rel}","templated":true}]}}