{"id":3469,"date":"2012-06-13T14:48:32","date_gmt":"2012-06-13T12:48:32","guid":{"rendered":"http:\/\/www.tucomarca.com\/wordpress\/segunda\/?p=3469"},"modified":"2012-06-14T14:48:50","modified_gmt":"2012-06-14T12:48:50","slug":"toni-gaspar-%e2%80%9ccrearemos-una-base-de-datos-en-internet-para-coordinar-nuestras-acciones-y-unificar-el-mensaje%e2%80%9d%e2%80%a8","status":"publish","type":"post","link":"https:\/\/www.tucomarca.com\/wordpress\/segunda\/toni-gaspar-%e2%80%9ccrearemos-una-base-de-datos-en-internet-para-coordinar-nuestras-acciones-y-unificar-el-mensaje%e2%80%9d%e2%80%a8\/","title":{"rendered":"Toni Gaspar: \u201cCrearemos una base de datos en internet para coordinar nuestras acciones y unificar el mensaje\u201d\u2028"},"content":{"rendered":"<p>El portavoz socialista en la Diputaci\u00f3n de Valencia y precandidato a la secretar\u00eda general del PSPV-PSOE a la provincia de Valencia, Toni Gaspar, particip\u00f3 ayer en un acto en Requena con militantes y representantes municipales de la comarca, en el que anunci\u00f3 que pondr\u00e1 en marcha \u201cuna red on-line y as\u00ed crear una Nube de Agrupaciones donde todos los militantes podr\u00e1n compartir las mociones, las propuestas, los argumentarios o los formularios jur\u00eddicos que necesiten nuestras agrupaciones\u201d.<\/p>\n<p>Durante su discurso, Gaspar destac\u00f3 que es \u201cposible avanzar m\u00e1s en la coordinaci\u00f3n del mensaje pol\u00edtico a trav\u00e9s de las nuevas tecnolog\u00edas\u201d y asegur\u00f3 que \u201cunificar y aunar las ideas y los esfuerzos de todos es fundamental para el buen funcionamiento de las bases\u201d.<\/p>\n<p>Para Gaspar, \u201clo m\u00e1s importante es que funcionemos unidos y coordi nados, tanto con la Comisi\u00f3n Ejecutiva Nacional como con todas la Ejecutivas Comarcales de la provincia, para evitar contradicciones\u201d y, por ello, articular\u00e1n esta \u201cbase de datos en internet a la que todos tendr\u00e1n acceso para compartir experiencias y aportar propuestas\u201d.\u2028\u00a0\u2028Gaspar explic\u00f3 as\u00ed sus propuestas a los militantes y representantes municipales que asistieron al acto, entre los que se encontraban el secretario general de la agrupaci\u00f3n de Requena y exalcalde de la localidad, Adelo Montes; el alcalde de Chera y coordinador comarcal, Alejandro Portero; el teniente alcalde de esta localidad y portavoz municipal, Toni Quintana; el secretario general de Camporrobles, Antonio Bosque; as\u00ed como varios concejales de Requena como Miguel \u00c1ngel Mora, Daniel Pardo o Isabel Garc\u00eda.<\/p>\n<p>En este sentido, el candidato a la secretar\u00eda general del PSPV-PSOE de la provincia de Valencia se\u00f1al\u00f3 que el asesoramiento pol\u00edtico y tambi\u00e9n jur\u00eddico-t\u00e9cnico ser\u00e1 otra de las \u201cprioridades\u201d del equipo provincial, as\u00ed como la apuesta por la formaci\u00f3n en temas municipalistas \u201cdesde la elaboraci\u00f3n de los presupuestos hasta las cuestiones urban\u00edsticas\u201d, apunt\u00f3.<\/p>\n","protected":false},"excerpt":{"rendered":"<div class=\"mh-excerpt\">El portavoz socialista en la Diputaci\u00f3n de Valencia y precandidato a la secretar\u00eda general del PSPV-PSOE a la provincia de Valencia, Toni Gaspar, particip\u00f3 ayer en un acto en Requena con militantes y representantes municipales <a class=\"mh-excerpt-more\" href=\"https:\/\/www.tucomarca.com\/wordpress\/segunda\/toni-gaspar-%e2%80%9ccrearemos-una-base-de-datos-en-internet-para-coordinar-nuestras-acciones-y-unificar-el-mensaje%e2%80%9d%e2%80%a8\/\" title=\"Toni Gaspar: \u201cCrearemos una base de datos en internet para coordinar nuestras acciones y unificar el mensaje\u201d\u2028\">[+] <\/a><\/div>\n","protected":false},"author":1,"featured_media":0,"comment_status":"open","ping_status":"open","sticky":false,"template":"","format":"standard","meta":{"footnotes":""},"categories":[8,142,28,27,3],"tags":[],"class_list":{"0":"post-3469","1":"post","2":"type-post","3":"status-publish","4":"format-standard","6":"category-la-comarca","7":"category-politica-la-comarca","8":"category-requena","9":"category-requena-utiel","10":"category-seccion"},"_links":{"self":[{"href":"https:\/\/www.tucomarca.com\/wordpress\/segunda\/wp-json\/wp\/v2\/posts\/3469","targetHints":{"allow":["GET"]}}],"collection":[{"href":"https:\/\/www.tucomarca.com\/wordpress\/segunda\/wp-json\/wp\/v2\/posts"}],"about":[{"href":"https:\/\/www.tucomarca.com\/wordpress\/segunda\/wp-json\/wp\/v2\/types\/post"}],"author":[{"embeddable":true,"href":"https:\/\/www.tucomarca.com\/wordpress\/segunda\/wp-json\/wp\/v2\/users\/1"}],"replies":[{"embeddable":true,"href":"https:\/\/www.tucomarca.com\/wordpress\/segunda\/wp-json\/wp\/v2\/comments?post=3469"}],"version-history":[{"count":0,"href":"https:\/\/www.tucomarca.com\/wordpress\/segunda\/wp-json\/wp\/v2\/posts\/3469\/revisions"}],"wp:attachment":[{"href":"https:\/\/www.tucomarca.com\/wordpress\/segunda\/wp-json\/wp\/v2\/media?parent=3469"}],"wp:term":[{"taxonomy":"category","embeddable":true,"href":"https:\/\/www.tucomarca.com\/wordpress\/segunda\/wp-json\/wp\/v2\/categories?post=3469"},{"taxonomy":"post_tag","embeddable":true,"href":"https:\/\/www.tucomarca.com\/wordpress\/segunda\/wp-json\/wp\/v2\/tags?post=3469"}],"curies":[{"name":"wp","href":"https:\/\/api.w.org\/{rel}","templated":true}]}}