{"id":34711,"date":"2015-03-10T12:58:52","date_gmt":"2015-03-10T09:58:52","guid":{"rendered":"http:\/\/www.tucomarca.com\/wordpress\/segunda\/?p=34711"},"modified":"2015-03-10T12:58:58","modified_gmt":"2015-03-10T09:58:58","slug":"la-crida-enciende-la-mecha-de-las-fallas-en-vilamarxant","status":"publish","type":"post","link":"https:\/\/www.tucomarca.com\/wordpress\/segunda\/la-crida-enciende-la-mecha-de-las-fallas-en-vilamarxant\/","title":{"rendered":"La Crida enciende la mecha de las fallas en Vilamarxant"},"content":{"rendered":"<p><figure id=\"attachment_34712\" aria-describedby=\"caption-attachment-34712\" style=\"width: 300px\" class=\"wp-caption alignleft\"><a href=\"https:\/\/www.tucomarca.com\/wordpress\/segunda\/2015\/03\/la-crida-enciende-la-mecha-de-las-fallas-en-vilamarxant\/crida2015\/\" rel=\"attachment wp-att-34712\"><img loading=\"lazy\" decoding=\"async\" src=\"https:\/\/www.tucomarca.com\/wordpress\/segunda\/wp-content\/uploads\/2015\/03\/Crida2015-300x189.jpg\" alt=\"\" title=\"Crida2015\" width=\"300\" height=\"189\" class=\"size-medium wp-image-34712\" srcset=\"https:\/\/www.tucomarca.com\/wordpress\/segunda\/wp-content\/uploads\/2015\/03\/Crida2015-300x189.jpg 300w, https:\/\/www.tucomarca.com\/wordpress\/segunda\/wp-content\/uploads\/2015\/03\/Crida2015-1024x646.jpg 1024w\" sizes=\"auto, (max-width: 300px) 100vw, 300px\" \/><\/a><figcaption id=\"caption-attachment-34712\" class=\"wp-caption-text\">Crida acontecida en Vilamarxant. tc.c<\/figcaption><\/figure>Vilamarxant encendi\u00f3 el pasado 7 de marzo la mecha para vivir las Fallas de 2015 con la celebraci\u00f3n del tradicional acto de la Crida de Vilamarxant. Las Falleras Mayores de las tres comisiones de la localidad \u2014El Colp, Pensat i Fet y El Pilar\u2014, subieron al balc\u00f3n del Ayuntamiento, acompa\u00f1adas de sus presidentes, para convocar a vecinos y falleros a disfrutar de las pr\u00f3ximas fiestas josefinas.<\/p>\n<p>En la avenida Dos de Mayo se concentraron m\u00e1s de de mil personas para participar de este pistoletazo de salida para la semana grande de las fiestas falleras. El alcalde de Vilamarxant, Vicente Betoret, acompa\u00f1ado de los concejales de Cultura y Fiestas, tambi\u00e9n quiso disfrutar de esta jornada festiva en la que, un a\u00f1o m\u00e1s, no falt\u00f3 la m\u00fasica de las charangas ni los fuegos artificiales.<\/p>\n","protected":false},"excerpt":{"rendered":"<div class=\"mh-excerpt\">Vilamarxant encendi\u00f3 el pasado 7 de marzo la mecha para vivir las Fallas de 2015 con la celebraci\u00f3n del tradicional acto de la Crida de Vilamarxant. Las Falleras Mayores de las tres comisiones de la <a class=\"mh-excerpt-more\" href=\"https:\/\/www.tucomarca.com\/wordpress\/segunda\/la-crida-enciende-la-mecha-de-las-fallas-en-vilamarxant\/\" title=\"La Crida enciende la mecha de las fallas en Vilamarxant\">[+] <\/a><\/div>\n","protected":false},"author":2,"featured_media":34712,"comment_status":"open","ping_status":"open","sticky":false,"template":"","format":"standard","meta":{"footnotes":""},"categories":[46,8,383,3,45,184],"tags":[733,80,1330,10439],"class_list":{"0":"post-34711","1":"post","2":"type-post","3":"status-publish","4":"format-standard","5":"has-post-thumbnail","7":"category-camp-de-turia","8":"category-la-comarca","9":"category-pueblos-en-fiestas","10":"category-seccion","11":"category-ventana","12":"category-vilamarxant","13":"tag-crida","14":"tag-fallas","15":"tag-inicio","16":"tag-vilamarxant"},"_links":{"self":[{"href":"https:\/\/www.tucomarca.com\/wordpress\/segunda\/wp-json\/wp\/v2\/posts\/34711","targetHints":{"allow":["GET"]}}],"collection":[{"href":"https:\/\/www.tucomarca.com\/wordpress\/segunda\/wp-json\/wp\/v2\/posts"}],"about":[{"href":"https:\/\/www.tucomarca.com\/wordpress\/segunda\/wp-json\/wp\/v2\/types\/post"}],"author":[{"embeddable":true,"href":"https:\/\/www.tucomarca.com\/wordpress\/segunda\/wp-json\/wp\/v2\/users\/2"}],"replies":[{"embeddable":true,"href":"https:\/\/www.tucomarca.com\/wordpress\/segunda\/wp-json\/wp\/v2\/comments?post=34711"}],"version-history":[{"count":0,"href":"https:\/\/www.tucomarca.com\/wordpress\/segunda\/wp-json\/wp\/v2\/posts\/34711\/revisions"}],"wp:featuredmedia":[{"embeddable":true,"href":"https:\/\/www.tucomarca.com\/wordpress\/segunda\/wp-json\/wp\/v2\/media\/34712"}],"wp:attachment":[{"href":"https:\/\/www.tucomarca.com\/wordpress\/segunda\/wp-json\/wp\/v2\/media?parent=34711"}],"wp:term":[{"taxonomy":"category","embeddable":true,"href":"https:\/\/www.tucomarca.com\/wordpress\/segunda\/wp-json\/wp\/v2\/categories?post=34711"},{"taxonomy":"post_tag","embeddable":true,"href":"https:\/\/www.tucomarca.com\/wordpress\/segunda\/wp-json\/wp\/v2\/tags?post=34711"}],"curies":[{"name":"wp","href":"https:\/\/api.w.org\/{rel}","templated":true}]}}