{"id":3472,"date":"2012-06-12T09:53:12","date_gmt":"2012-06-12T07:53:12","guid":{"rendered":"http:\/\/www.tucomarca.com\/wordpress\/segunda\/?p=3472"},"modified":"2012-06-14T10:02:24","modified_gmt":"2012-06-14T08:02:24","slug":"emocionante-final-del-torneo-primaveral-de-frontenis-disputado-en-macastre","status":"publish","type":"post","link":"https:\/\/www.tucomarca.com\/wordpress\/segunda\/emocionante-final-del-torneo-primaveral-de-frontenis-disputado-en-macastre\/","title":{"rendered":"Emocionante final del torneo primaveral de frontenis disputado en Macastre"},"content":{"rendered":"<figure id=\"attachment_3473\" aria-describedby=\"caption-attachment-3473\" style=\"width: 300px\" class=\"wp-caption alignleft\"><a rel=\"attachment wp-att-3473\" href=\"https:\/\/www.tucomarca.com\/wordpress\/segunda\/?attachment_id=3473\"><img loading=\"lazy\" decoding=\"async\" class=\"size-medium wp-image-3473\" src=\"https:\/\/www.tucomarca.com\/wordpress\/segunda\/wp-content\/uploads\/2012\/06\/2012-06-03-20.57.21-300x225.jpg\" alt=\"\" width=\"300\" height=\"225\" srcset=\"https:\/\/www.tucomarca.com\/wordpress\/segunda\/wp-content\/uploads\/2012\/06\/2012-06-03-20.57.21-300x225.jpg 300w, https:\/\/www.tucomarca.com\/wordpress\/segunda\/wp-content\/uploads\/2012\/06\/2012-06-03-20.57.21-1024x768.jpg 1024w\" sizes=\"auto, (max-width: 300px) 100vw, 300px\" \/><\/a><figcaption id=\"caption-attachment-3473\" class=\"wp-caption-text\">La partida final fue realmente muy igualada. tc.c<\/figcaption><\/figure>\n<p>Como adelant\u00f3 este peri\u00f3dico en su edici\u00f3n en papel, el polideportivo municipal de Macastre acogi\u00f3 la final del torneo primaveral de front\u00f3n organizado por el \u00e1rea de Deportes de la poblaci\u00f3n y que ha contado con la participaci\u00f3n de diez parejas de\u00a0 la poblaci\u00f3n y de municipios cercanos como Bu\u00f1ol.<br \/>\nEl d\u00fao vencedor del torneo ha sido el formado por Javi y \u00d3liver, quienes se impusieron en una ajustada y emocionante partida a Pelecas y Emilio. En tercera posici\u00f3n qued\u00f3 la pareja Lucas-\u00c1ngel, mientras que la cuarta plaza correspondi\u00f3 a Borja y Vicente \u2014quien sustitu\u00eda al lesionado Adri\u00e1n\u2014.<br \/>\nM\u00e1s all\u00e1 del simb\u00f3lico premio en met\u00e1lico, lo cierto es que el campeonato se ha confirmado como todo un acierto tanto por la actividad vivida en el recinto deportivo como por el nivel mostrado sobre la pista.<br \/>\nEn pocas semanas se desarrollar\u00e1 tambi\u00e9n el torneo veraniego en el que se espera superar el n\u00famero de inscritos del a\u00f1o pasado, sobre todo tras el protagonismo adquirido por esta disciplina deportiva.<\/p>\n","protected":false},"excerpt":{"rendered":"<div class=\"mh-excerpt\">Como adelant\u00f3 este peri\u00f3dico en su edici\u00f3n en papel, el polideportivo municipal de Macastre acogi\u00f3 la final del torneo primaveral de front\u00f3n organizado por el \u00e1rea de Deportes de la poblaci\u00f3n y que ha contado <a class=\"mh-excerpt-more\" href=\"https:\/\/www.tucomarca.com\/wordpress\/segunda\/emocionante-final-del-torneo-primaveral-de-frontenis-disputado-en-macastre\/\" title=\"Emocionante final del torneo primaveral de frontenis disputado en Macastre\">[+] <\/a><\/div>\n","protected":false},"author":2,"featured_media":3473,"comment_status":"open","ping_status":"open","sticky":false,"template":"","format":"standard","meta":{"footnotes":""},"categories":[6,10,13,199,3],"tags":[293],"class_list":{"0":"post-3472","1":"post","2":"type-post","3":"status-publish","4":"format-standard","5":"has-post-thumbnail","7":"category-deportes","8":"category-la-hoya","9":"category-macastre","10":"category-polideportivo","11":"category-seccion","12":"tag-frontenis"},"_links":{"self":[{"href":"https:\/\/www.tucomarca.com\/wordpress\/segunda\/wp-json\/wp\/v2\/posts\/3472","targetHints":{"allow":["GET"]}}],"collection":[{"href":"https:\/\/www.tucomarca.com\/wordpress\/segunda\/wp-json\/wp\/v2\/posts"}],"about":[{"href":"https:\/\/www.tucomarca.com\/wordpress\/segunda\/wp-json\/wp\/v2\/types\/post"}],"author":[{"embeddable":true,"href":"https:\/\/www.tucomarca.com\/wordpress\/segunda\/wp-json\/wp\/v2\/users\/2"}],"replies":[{"embeddable":true,"href":"https:\/\/www.tucomarca.com\/wordpress\/segunda\/wp-json\/wp\/v2\/comments?post=3472"}],"version-history":[{"count":0,"href":"https:\/\/www.tucomarca.com\/wordpress\/segunda\/wp-json\/wp\/v2\/posts\/3472\/revisions"}],"wp:featuredmedia":[{"embeddable":true,"href":"https:\/\/www.tucomarca.com\/wordpress\/segunda\/wp-json\/wp\/v2\/media\/3473"}],"wp:attachment":[{"href":"https:\/\/www.tucomarca.com\/wordpress\/segunda\/wp-json\/wp\/v2\/media?parent=3472"}],"wp:term":[{"taxonomy":"category","embeddable":true,"href":"https:\/\/www.tucomarca.com\/wordpress\/segunda\/wp-json\/wp\/v2\/categories?post=3472"},{"taxonomy":"post_tag","embeddable":true,"href":"https:\/\/www.tucomarca.com\/wordpress\/segunda\/wp-json\/wp\/v2\/tags?post=3472"}],"curies":[{"name":"wp","href":"https:\/\/api.w.org\/{rel}","templated":true}]}}