{"id":34819,"date":"2015-03-13T16:38:25","date_gmt":"2015-03-13T13:38:25","guid":{"rendered":"http:\/\/www.tucomarca.com\/wordpress\/segunda\/?p=34819"},"modified":"2015-03-13T16:38:29","modified_gmt":"2015-03-13T13:38:29","slug":"el-pspv-de-benissano-aposta-per-amparo-navarro-com-a-candidata","status":"publish","type":"post","link":"https:\/\/www.tucomarca.com\/wordpress\/segunda\/el-pspv-de-benissano-aposta-per-amparo-navarro-com-a-candidata\/","title":{"rendered":"El PSPV de Benissan\u00f3 aposta per Amparo Navarro com a candidata"},"content":{"rendered":"<p><figure id=\"attachment_34820\" aria-describedby=\"caption-attachment-34820\" style=\"width: 300px\" class=\"wp-caption alignleft\"><a href=\"https:\/\/www.tucomarca.com\/wordpress\/segunda\/2015\/03\/el-pspv-de-benissano-aposta-per-amparo-navarro-com-a-candidata\/psoe-benissano\/\" rel=\"attachment wp-att-34820\"><img loading=\"lazy\" decoding=\"async\" src=\"https:\/\/www.tucomarca.com\/wordpress\/segunda\/wp-content\/uploads\/2015\/03\/psoe-Benissano-300x197.jpg\" alt=\"\" title=\"psoe Benissano\" width=\"300\" height=\"197\" class=\"size-medium wp-image-34820\" srcset=\"https:\/\/www.tucomarca.com\/wordpress\/segunda\/wp-content\/uploads\/2015\/03\/psoe-Benissano-300x197.jpg 300w, https:\/\/www.tucomarca.com\/wordpress\/segunda\/wp-content\/uploads\/2015\/03\/psoe-Benissano-1024x674.jpg 1024w\" sizes=\"auto, (max-width: 300px) 100vw, 300px\" \/><\/a><figcaption id=\"caption-attachment-34820\" class=\"wp-caption-text\">Candidatura del PSPV Benissan\u00f3. tc.c<\/figcaption><\/figure>El PSPV de Benissan\u00f3 ha escollit Amparo Navarro Bargues com a candidata a l&#8217;alcaldia en les properes eleccions municipals del mes de maig. Navarro \u00e9s llicenciada en filologia hisp\u00e0nica, ocupa, actualment, el c\u00e0rrec de secret\u00e0ria d&#8217;organitzaci\u00f3 de l&#8217;agrupaci\u00f3 socialista de Benissan\u00f3 alhora que compatibilitza aquesta feina amb l&#8217;acta de regidora al plenari d&#8217;aquest ajuntament del Camp de T\u00faria. <\/p>\n<p>\tLa llista aprovada pels militants del PSPV de Benissan\u00f3, de forma un\u00e0nime, est\u00e0 formada per 7 homes i 7 dones, \u00e9s a dir, una paritat entre ambd\u00f3s sexes al 50 por ciento. De l&#8217;anterior candidatura repeteixen 8 persones mentre que d&#8217;altres 6 s&#8217;hi presenten per primera vegada. Entre ells cal destacar Rafael Navarro en el segon lloc, Francisca Cervera en el tercer, Juan Clemente en el quatre, Luis Oliver en el cinc, Marisol Ferrando en el sis i Ver\u00f2nica Navarro en el set, entre d&#8217;altres.    <\/p>\n<p>\tAmparo Navarro ha manifestat que l&#8217;objectiu del PSPV de Benissan\u00f3 \u00ab\u00e9s construir un poble obert, lliure de sectarismes i personalismes on totes les veus siguen escoltades i on els projectes siguen el m\u00e9s col\u00b7lectius possibles\u00bb. Tamb\u00e9 ha afegit que \u00abvolem un Benissan\u00f3 per a ser viscut i que il\u00b7lusione, amb les finestres obertes i que toque de peus en terra, que conjugue tradici\u00f3 i modernitat on els ve\u00efns siguen els protagonistes del seu futur\u00bb. <\/p>\n","protected":false},"excerpt":{"rendered":"<div class=\"mh-excerpt\">El PSPV de Benissan\u00f3 ha escollit Amparo Navarro Bargues com a candidata a l&#8217;alcaldia en les properes eleccions municipals del mes de maig. Navarro \u00e9s llicenciada en filologia hisp\u00e0nica, ocupa, actualment, el c\u00e0rrec de secret\u00e0ria <a class=\"mh-excerpt-more\" href=\"https:\/\/www.tucomarca.com\/wordpress\/segunda\/el-pspv-de-benissano-aposta-per-amparo-navarro-com-a-candidata\/\" title=\"El PSPV de Benissan\u00f3 aposta per Amparo Navarro com a candidata\">[+] <\/a><\/div>\n","protected":false},"author":2,"featured_media":34820,"comment_status":"open","ping_status":"open","sticky":false,"template":"","format":"standard","meta":{"footnotes":""},"categories":[172,46,8,142,3],"tags":[7265,2592,1208],"class_list":{"0":"post-34819","1":"post","2":"type-post","3":"status-publish","4":"format-standard","5":"has-post-thumbnail","7":"category-benaguasil","8":"category-camp-de-turia","9":"category-la-comarca","10":"category-politica-la-comarca","11":"category-seccion","12":"tag-amparo-navarro","13":"tag-benissano","14":"tag-pspv"},"_links":{"self":[{"href":"https:\/\/www.tucomarca.com\/wordpress\/segunda\/wp-json\/wp\/v2\/posts\/34819","targetHints":{"allow":["GET"]}}],"collection":[{"href":"https:\/\/www.tucomarca.com\/wordpress\/segunda\/wp-json\/wp\/v2\/posts"}],"about":[{"href":"https:\/\/www.tucomarca.com\/wordpress\/segunda\/wp-json\/wp\/v2\/types\/post"}],"author":[{"embeddable":true,"href":"https:\/\/www.tucomarca.com\/wordpress\/segunda\/wp-json\/wp\/v2\/users\/2"}],"replies":[{"embeddable":true,"href":"https:\/\/www.tucomarca.com\/wordpress\/segunda\/wp-json\/wp\/v2\/comments?post=34819"}],"version-history":[{"count":0,"href":"https:\/\/www.tucomarca.com\/wordpress\/segunda\/wp-json\/wp\/v2\/posts\/34819\/revisions"}],"wp:featuredmedia":[{"embeddable":true,"href":"https:\/\/www.tucomarca.com\/wordpress\/segunda\/wp-json\/wp\/v2\/media\/34820"}],"wp:attachment":[{"href":"https:\/\/www.tucomarca.com\/wordpress\/segunda\/wp-json\/wp\/v2\/media?parent=34819"}],"wp:term":[{"taxonomy":"category","embeddable":true,"href":"https:\/\/www.tucomarca.com\/wordpress\/segunda\/wp-json\/wp\/v2\/categories?post=34819"},{"taxonomy":"post_tag","embeddable":true,"href":"https:\/\/www.tucomarca.com\/wordpress\/segunda\/wp-json\/wp\/v2\/tags?post=34819"}],"curies":[{"name":"wp","href":"https:\/\/api.w.org\/{rel}","templated":true}]}}