{"id":3485,"date":"2012-06-13T10:20:50","date_gmt":"2012-06-13T08:20:50","guid":{"rendered":"http:\/\/www.tucomarca.com\/wordpress\/segunda\/?p=3485"},"modified":"2012-06-14T10:22:05","modified_gmt":"2012-06-14T08:22:05","slug":"el-gobierno-de-bunol-acomete-mejoras-en-el-castillo-y-en-las-calles-adyacentes","status":"publish","type":"post","link":"https:\/\/www.tucomarca.com\/wordpress\/segunda\/el-gobierno-de-bunol-acomete-mejoras-en-el-castillo-y-en-las-calles-adyacentes\/","title":{"rendered":"El gobierno de Bu\u00f1ol acomete mejoras en el castillo y en las calles adyacentes"},"content":{"rendered":"<p>Seg\u00fan adelant\u00f3 este semanario en su edici\u00f3n impresa, el gobierno bu\u00f1olense ha puesto en marcha un plan espec\u00edfico de acondicionamiento y mejora del castillo y de las zonas adyacentes. As\u00ed, en los \u00faltimos d\u00edas se ha anunciado desde el consistorio la finalizaci\u00f3n del nuevo mirador ubicado en la casa en la que se iniciaron las emisiones de la emisora de radio municipal. A esta iniciativa se ha unido el arreglo de las calles ubicadas junto a la muralla, as\u00ed como la colocaci\u00f3n de escalones que permitan un tr\u00e1nsito de los viandantes mucho m\u00e1s seguro.<br \/>\n\u00abOtras actuaciones que tambi\u00e9n se quiere acometer cuanto antes en esta zona es la eliminaci\u00f3n de las casas ubicadas en la fortaleza que se encuentran en estado ruinoso y que suponen un peligro, junto a la mejora de los accesos al castillo y la limpieza del lugar. En definitiva, la intenci\u00f3n de este gobierno es la de explotar el lugar tur\u00edsticamente y darle un importante impulso. No en vano, estas actuaciones han ido acompa\u00f1adas del arreglo de una terraza pr\u00f3xima al mirador y se quiere potenciar la puesta en marcha de una tasca que atraiga tanto a vecinos como a visitantes\u00bb, como ha explicado el concejal de Comunicaci\u00f3n, Rafa P\u00e9rez.<br \/>\nComo se ha detallado desde el consistorio, la brigada municipal es la que se est\u00e1 encargando de ejecutar tanto estas actuaciones como las que se tiene previsto acometer en el futuro, \u00abuna intervenci\u00f3n que supone un coste m\u00ednimo para el Ayuntamiento y que se est\u00e1 realizando con una gran profesionalidad\u00bb.<\/p>\n","protected":false},"excerpt":{"rendered":"<div class=\"mh-excerpt\">Seg\u00fan adelant\u00f3 este semanario en su edici\u00f3n impresa, el gobierno bu\u00f1olense ha puesto en marcha un plan espec\u00edfico de acondicionamiento y mejora del castillo y de las zonas adyacentes. As\u00ed, en los \u00faltimos d\u00edas se <a class=\"mh-excerpt-more\" href=\"https:\/\/www.tucomarca.com\/wordpress\/segunda\/el-gobierno-de-bunol-acomete-mejoras-en-el-castillo-y-en-las-calles-adyacentes\/\" title=\"El gobierno de Bu\u00f1ol acomete mejoras en el castillo y en las calles adyacentes\">[+] <\/a><\/div>\n","protected":false},"author":2,"featured_media":0,"comment_status":"open","ping_status":"open","sticky":false,"template":"","format":"standard","meta":{"footnotes":""},"categories":[18,128,8,10,3],"tags":[296],"class_list":{"0":"post-3485","1":"post","2":"type-post","3":"status-publish","4":"format-standard","6":"category-bunol","7":"category-infraestructuras","8":"category-la-comarca","9":"category-la-hoya","10":"category-seccion","11":"tag-castillo"},"_links":{"self":[{"href":"https:\/\/www.tucomarca.com\/wordpress\/segunda\/wp-json\/wp\/v2\/posts\/3485","targetHints":{"allow":["GET"]}}],"collection":[{"href":"https:\/\/www.tucomarca.com\/wordpress\/segunda\/wp-json\/wp\/v2\/posts"}],"about":[{"href":"https:\/\/www.tucomarca.com\/wordpress\/segunda\/wp-json\/wp\/v2\/types\/post"}],"author":[{"embeddable":true,"href":"https:\/\/www.tucomarca.com\/wordpress\/segunda\/wp-json\/wp\/v2\/users\/2"}],"replies":[{"embeddable":true,"href":"https:\/\/www.tucomarca.com\/wordpress\/segunda\/wp-json\/wp\/v2\/comments?post=3485"}],"version-history":[{"count":0,"href":"https:\/\/www.tucomarca.com\/wordpress\/segunda\/wp-json\/wp\/v2\/posts\/3485\/revisions"}],"wp:attachment":[{"href":"https:\/\/www.tucomarca.com\/wordpress\/segunda\/wp-json\/wp\/v2\/media?parent=3485"}],"wp:term":[{"taxonomy":"category","embeddable":true,"href":"https:\/\/www.tucomarca.com\/wordpress\/segunda\/wp-json\/wp\/v2\/categories?post=3485"},{"taxonomy":"post_tag","embeddable":true,"href":"https:\/\/www.tucomarca.com\/wordpress\/segunda\/wp-json\/wp\/v2\/tags?post=3485"}],"curies":[{"name":"wp","href":"https:\/\/api.w.org\/{rel}","templated":true}]}}