{"id":34949,"date":"2015-03-19T13:32:03","date_gmt":"2015-03-19T10:32:03","guid":{"rendered":"http:\/\/www.tucomarca.com\/wordpress\/segunda\/?p=34949"},"modified":"2015-03-20T16:08:47","modified_gmt":"2015-03-20T13:08:47","slug":"el-temps-va-donar-una-tregua-a-lofrena-de-benifaio","status":"publish","type":"post","link":"https:\/\/www.tucomarca.com\/wordpress\/segunda\/el-temps-va-donar-una-tregua-a-lofrena-de-benifaio\/","title":{"rendered":"El temps va donar una tregua a l&#8217;ofrena de Benifai\u00f3"},"content":{"rendered":"<p><figure id=\"attachment_34950\" aria-describedby=\"caption-attachment-34950\" style=\"width: 300px\" class=\"wp-caption alignleft\"><a href=\"https:\/\/www.tucomarca.com\/wordpress\/segunda\/2015\/03\/el-temps-va-donar-una-tregua-a-lofrena-de-benifaio\/ofrena-benifaio\/\" rel=\"attachment wp-att-34950\"><img loading=\"lazy\" decoding=\"async\" src=\"https:\/\/www.tucomarca.com\/wordpress\/segunda\/wp-content\/uploads\/2015\/03\/OFRENA-BENIFAIO-300x168.jpg\" alt=\"\" title=\"OFRENA BENIFAIO\" width=\"300\" height=\"168\" class=\"size-medium wp-image-34950\" srcset=\"https:\/\/www.tucomarca.com\/wordpress\/segunda\/wp-content\/uploads\/2015\/03\/OFRENA-BENIFAIO-300x168.jpg 300w, https:\/\/www.tucomarca.com\/wordpress\/segunda\/wp-content\/uploads\/2015\/03\/OFRENA-BENIFAIO-1024x576.jpg 1024w\" sizes=\"auto, (max-width: 300px) 100vw, 300px\" \/><\/a><figcaption id=\"caption-attachment-34950\" class=\"wp-caption-text\">Protagonistes de l&#039;ofrena a Benifai\u00f3. tc.c<\/figcaption><\/figure>L\u2019ofrena de Flors a la Mare de D\u00e9u dels Desamparats a Benifai\u00f3 va tindre lloc la vesprada del dia 18 de mar\u00e7.<br \/>\nFinalment, el temps va donar una tregua i els fallers i falleres de les cinc comissions locals van poder oferir el seu ram a la Mare dels Valencians.<br \/>\nEn \u00faltim lloc va desfilar la Junta Local Fallera i les Falleres Majors de Benifai\u00f3, Paula Esteban Tom\u00e1s i Elena L\u00f3pez Alepuz, posant aix\u00ed el punt i final a l\u2019ofrena 2015<\/p>\n","protected":false},"excerpt":{"rendered":"<div class=\"mh-excerpt\">L\u2019ofrena de Flors a la Mare de D\u00e9u dels Desamparats a Benifai\u00f3 va tindre lloc la vesprada del dia 18 de mar\u00e7. Finalment, el temps va donar una tregua i els fallers i falleres de <a class=\"mh-excerpt-more\" href=\"https:\/\/www.tucomarca.com\/wordpress\/segunda\/el-temps-va-donar-una-tregua-a-lofrena-de-benifaio\/\" title=\"El temps va donar una tregua a l&#8217;ofrena de Benifai\u00f3\">[+] <\/a><\/div>\n","protected":false},"author":2,"featured_media":34950,"comment_status":"open","ping_status":"open","sticky":false,"template":"","format":"standard","meta":{"footnotes":""},"categories":[267,8,42,383,3,45],"tags":[10460,7307,7308,7309],"class_list":{"0":"post-34949","1":"post","2":"type-post","3":"status-publish","4":"format-standard","5":"has-post-thumbnail","7":"category-benifaio","8":"category-la-comarca","9":"category-la-ribera","10":"category-pueblos-en-fiestas","11":"category-seccion","12":"category-ventana","13":"tag-benifaio","14":"tag-ofrena","15":"tag-temps","16":"tag-una-tregua"},"_links":{"self":[{"href":"https:\/\/www.tucomarca.com\/wordpress\/segunda\/wp-json\/wp\/v2\/posts\/34949","targetHints":{"allow":["GET"]}}],"collection":[{"href":"https:\/\/www.tucomarca.com\/wordpress\/segunda\/wp-json\/wp\/v2\/posts"}],"about":[{"href":"https:\/\/www.tucomarca.com\/wordpress\/segunda\/wp-json\/wp\/v2\/types\/post"}],"author":[{"embeddable":true,"href":"https:\/\/www.tucomarca.com\/wordpress\/segunda\/wp-json\/wp\/v2\/users\/2"}],"replies":[{"embeddable":true,"href":"https:\/\/www.tucomarca.com\/wordpress\/segunda\/wp-json\/wp\/v2\/comments?post=34949"}],"version-history":[{"count":0,"href":"https:\/\/www.tucomarca.com\/wordpress\/segunda\/wp-json\/wp\/v2\/posts\/34949\/revisions"}],"wp:featuredmedia":[{"embeddable":true,"href":"https:\/\/www.tucomarca.com\/wordpress\/segunda\/wp-json\/wp\/v2\/media\/34950"}],"wp:attachment":[{"href":"https:\/\/www.tucomarca.com\/wordpress\/segunda\/wp-json\/wp\/v2\/media?parent=34949"}],"wp:term":[{"taxonomy":"category","embeddable":true,"href":"https:\/\/www.tucomarca.com\/wordpress\/segunda\/wp-json\/wp\/v2\/categories?post=34949"},{"taxonomy":"post_tag","embeddable":true,"href":"https:\/\/www.tucomarca.com\/wordpress\/segunda\/wp-json\/wp\/v2\/tags?post=34949"}],"curies":[{"name":"wp","href":"https:\/\/api.w.org\/{rel}","templated":true}]}}