{"id":34953,"date":"2015-03-19T15:55:02","date_gmt":"2015-03-19T12:55:02","guid":{"rendered":"http:\/\/www.tucomarca.com\/wordpress\/segunda\/?p=34953"},"modified":"2015-03-20T16:10:02","modified_gmt":"2015-03-20T13:10:02","slug":"la-falla-mitja-capa-recibe-el-premio-al-mejor-monumento-de-2015-en-benifaio","status":"publish","type":"post","link":"https:\/\/www.tucomarca.com\/wordpress\/segunda\/la-falla-mitja-capa-recibe-el-premio-al-mejor-monumento-de-2015-en-benifaio\/","title":{"rendered":"La falla Mitja Capa recibe el premio al mejor monumento de 2015 en Benifai\u00f3"},"content":{"rendered":"<p><a href=\"https:\/\/www.tucomarca.com\/wordpress\/segunda\/2015\/03\/la-falla-mitja-capa-recibe-el-premio-al-mejor-monumento-de-2015-en-benifaio\/millor-falla-de-benifaio-2015\/\" rel=\"attachment wp-att-34954\"><img loading=\"lazy\" decoding=\"async\" src=\"https:\/\/www.tucomarca.com\/wordpress\/segunda\/wp-content\/uploads\/2015\/03\/Millor-Falla-de-Benifaio-2015-300x225.jpg\" alt=\"\" title=\"Millor Falla de Benifaio 2015\" width=\"300\" height=\"225\" class=\"alignleft size-medium wp-image-34954\" srcset=\"https:\/\/www.tucomarca.com\/wordpress\/segunda\/wp-content\/uploads\/2015\/03\/Millor-Falla-de-Benifaio-2015-300x225.jpg 300w, https:\/\/www.tucomarca.com\/wordpress\/segunda\/wp-content\/uploads\/2015\/03\/Millor-Falla-de-Benifaio-2015-1024x768.jpg 1024w\" sizes=\"auto, (max-width: 300px) 100vw, 300px\" \/><\/a>La Junta Local Fallera de Benifai\u00f3 ha dado a conocer en el d\u00eda de San Jos\u00e9 el veredicto del jurado tras la visita oficial que llevaron a cabo a los monumentos para valorar cu\u00e1les ser\u00edan las fallas que conseguir\u00edan este a\u00f1o los estandartes de mejor falla, mejor falla infantil y mejor cr\u00edtica local.<\/p>\n<p>De nuevo, tras no lograrlo el pasado a\u00f1o, vuelve la Falla Mitja Capa al puesto de honor consiguiendo el primer premio, el de mejor monumento 2015 con una falla dedicada al mundo de la \u00abm\u00e1scara pol\u00edtica\u00bb. Los representantes de Mitja Capa lograban, adem\u00e1s, el Premio a la Mejor Presentaci\u00f3n Fallera 2015 con su homenaje al traslado de la Mare de D\u00e9u dels Desamparats.<\/p>\n<p>Por otra parte, la falla infantil ganadora, la de la comisi\u00f3n La Verge, dedica su escena central al mundo de los reci\u00e9n nacidos y sus peripecias. La comisi\u00f3n obten\u00eda adem\u00e1s el premio a la Mejor Coreograf\u00eda de la cabalgata con su baile de Aladdin.<\/p>\n<p>El tercer premio en importancia fue para la Falla Santa B\u00e1rbara. Su monumento logr\u00f3 el bander\u00edn de Mejor Cr\u00edtica local adem\u00e1s de Mejor Llibret faller 2015.<\/p>\n<p>Este a\u00f1o la junta local entreg\u00f3 un nuevo bander\u00edn, el Premio al Ingenio e Inovaci\u00f3n en Fallas Infantiles. La distinci\u00f3n fue a parar a la Falla Sant Josep al realizar una falla infantil de forma manual a cargo de sus falleros dedicada al quinto aniversario de la comisi\u00f3n.<\/p>\n<p>La junta local fallera tambi\u00e9n ha entregado los trofeos a las comisiones cuyos ninots se salvaran del fuego tras la votaci\u00f3n popular. As\u00ed, m\u00e1s de 400 personas han pasado por la exposici\u00f3n del Ninot y han decidido con sus votos salvar a los dos ninots, mayor e infantil, aportados por la comisi\u00f3n Falla Arturo M\u00e1s. Los miembros de Arturo M\u00e1s recib\u00edan adem\u00e1s un tercer galard\u00f3n, el de mejor disfraz de la cabalgata ambientado en el Circo del Sol.<\/p>\n<p>En arroces los galardonados con el Primer Premio de estilo libre y Arroz al horno fueron David Orobal Ubeda y Tamara Baltasar Benavente respectivamente.<\/p>\n","protected":false},"excerpt":{"rendered":"<div class=\"mh-excerpt\">La Junta Local Fallera de Benifai\u00f3 ha dado a conocer en el d\u00eda de San Jos\u00e9 el veredicto del jurado tras la visita oficial que llevaron a cabo a los monumentos para valorar cu\u00e1les ser\u00edan <a class=\"mh-excerpt-more\" href=\"https:\/\/www.tucomarca.com\/wordpress\/segunda\/la-falla-mitja-capa-recibe-el-premio-al-mejor-monumento-de-2015-en-benifaio\/\" title=\"La falla Mitja Capa recibe el premio al mejor monumento de 2015 en Benifai\u00f3\">[+] <\/a><\/div>\n","protected":false},"author":2,"featured_media":34954,"comment_status":"open","ping_status":"open","sticky":false,"template":"","format":"standard","meta":{"footnotes":""},"categories":[267,8,42,383,3,45],"tags":[10460,2769,7310,3338,787],"class_list":{"0":"post-34953","1":"post","2":"type-post","3":"status-publish","4":"format-standard","5":"has-post-thumbnail","7":"category-benifaio","8":"category-la-comarca","9":"category-la-ribera","10":"category-pueblos-en-fiestas","11":"category-seccion","12":"category-ventana","13":"tag-benifaio","14":"tag-falla","15":"tag-mejor-monumento","16":"tag-mitja-capa","17":"tag-premio"},"_links":{"self":[{"href":"https:\/\/www.tucomarca.com\/wordpress\/segunda\/wp-json\/wp\/v2\/posts\/34953","targetHints":{"allow":["GET"]}}],"collection":[{"href":"https:\/\/www.tucomarca.com\/wordpress\/segunda\/wp-json\/wp\/v2\/posts"}],"about":[{"href":"https:\/\/www.tucomarca.com\/wordpress\/segunda\/wp-json\/wp\/v2\/types\/post"}],"author":[{"embeddable":true,"href":"https:\/\/www.tucomarca.com\/wordpress\/segunda\/wp-json\/wp\/v2\/users\/2"}],"replies":[{"embeddable":true,"href":"https:\/\/www.tucomarca.com\/wordpress\/segunda\/wp-json\/wp\/v2\/comments?post=34953"}],"version-history":[{"count":0,"href":"https:\/\/www.tucomarca.com\/wordpress\/segunda\/wp-json\/wp\/v2\/posts\/34953\/revisions"}],"wp:featuredmedia":[{"embeddable":true,"href":"https:\/\/www.tucomarca.com\/wordpress\/segunda\/wp-json\/wp\/v2\/media\/34954"}],"wp:attachment":[{"href":"https:\/\/www.tucomarca.com\/wordpress\/segunda\/wp-json\/wp\/v2\/media?parent=34953"}],"wp:term":[{"taxonomy":"category","embeddable":true,"href":"https:\/\/www.tucomarca.com\/wordpress\/segunda\/wp-json\/wp\/v2\/categories?post=34953"},{"taxonomy":"post_tag","embeddable":true,"href":"https:\/\/www.tucomarca.com\/wordpress\/segunda\/wp-json\/wp\/v2\/tags?post=34953"}],"curies":[{"name":"wp","href":"https:\/\/api.w.org\/{rel}","templated":true}]}}